{"id":1055,"date":"2015-02-21T10:00:46","date_gmt":"2015-02-21T08:00:46","guid":{"rendered":"http:\/\/fabijennas-seeleninsel.de\/wordpress\/?p=1055"},"modified":"2015-02-21T10:01:58","modified_gmt":"2015-02-21T08:01:58","slug":"heilstein-die-essenz","status":"publish","type":"post","link":"https:\/\/fabijennas-seeleninsel.de\/wordpress\/heilstein-die-essenz\/","title":{"rendered":"Heilstein: Die Essenz"},"content":{"rendered":"<p>Heilstein: Die Essenz.<br \/>\nWir brauchen nur einen moment unser gl\u00fcckszustand auszumalen und vorzustellen und unseren ganzen K\u00f6rper, unsere Zellen und unser Herz werden sich mit Freude f\u00fcllen.<br \/>\nWir sind das was wir denken und was wir denken werden wir auch in uns f\u00fchlen und um uns herum erleben. In uns flie\u00dft die Essenz unserer g\u00f6ttliche Einzigartigkeit und wir sind mehr als nur ein Mensch aus Fleisch und Blut.<\/p>\n<p>Energieausgleich: 32 Euro<\/p>\n<p>&nbsp;<\/p>\n<p><a href=\"http:\/\/fabijennas-seeleninsel.de\/wordpress\/wp-content\/uploads\/2015\/02\/IMG_1945.jpg\"><img loading=\"lazy\" class=\"alignnone size-medium wp-image-1056\" src=\"http:\/\/fabijennas-seeleninsel.de\/wordpress\/wp-content\/uploads\/2015\/02\/IMG_1945-640x427.jpg\" alt=\"IMG_1945\" width=\"640\" height=\"427\" srcset=\"https:\/\/fabijennas-seeleninsel.de\/wordpress\/wp-content\/uploads\/2015\/02\/IMG_1945-640x427.jpg 640w, https:\/\/fabijennas-seeleninsel.de\/wordpress\/wp-content\/uploads\/2015\/02\/IMG_1945-1024x683.jpg 1024w, https:\/\/fabijennas-seeleninsel.de\/wordpress\/wp-content\/uploads\/2015\/02\/IMG_1945-140x94.jpg 140w, https:\/\/fabijennas-seeleninsel.de\/wordpress\/wp-content\/uploads\/2015\/02\/IMG_1945-800x533.jpg 800w, https:\/\/fabijennas-seeleninsel.de\/wordpress\/wp-content\/uploads\/2015\/02\/IMG_1945.jpg 1920w\" sizes=\"(max-width: 640px) 100vw, 640px\" \/><\/a><\/p>\n","protected":false},"excerpt":{"rendered":"<p>Heilstein: Die Essenz. Wir brauchen nur einen moment unser gl\u00fcckszustand auszumalen und vorzustellen und unseren ganzen K\u00f6rper, unsere Zellen und unser Herz werden sich mit Freude f\u00fcllen. Wir sind das was wir denken und was wir denken werden wir auch in uns f\u00fchlen und um uns herum erleben. In uns flie\u00dft die Essenz unserer g\u00f6ttliche [&hellip;]<\/p>\n","protected":false},"author":3,"featured_media":1056,"comment_status":"closed","ping_status":"open","sticky":false,"template":"","format":"standard","meta":{"_et_pb_use_builder":"","_et_pb_old_content":"","_et_gb_content_width":""},"categories":[14],"tags":[],"_links":{"self":[{"href":"https:\/\/fabijennas-seeleninsel.de\/wordpress\/wp-json\/wp\/v2\/posts\/1055"}],"collection":[{"href":"https:\/\/fabijennas-seeleninsel.de\/wordpress\/wp-json\/wp\/v2\/posts"}],"about":[{"href":"https:\/\/fabijennas-seeleninsel.de\/wordpress\/wp-json\/wp\/v2\/types\/post"}],"author":[{"embeddable":true,"href":"https:\/\/fabijennas-seeleninsel.de\/wordpress\/wp-json\/wp\/v2\/users\/3"}],"replies":[{"embeddable":true,"href":"https:\/\/fabijennas-seeleninsel.de\/wordpress\/wp-json\/wp\/v2\/comments?post=1055"}],"version-history":[{"count":1,"href":"https:\/\/fabijennas-seeleninsel.de\/wordpress\/wp-json\/wp\/v2\/posts\/1055\/revisions"}],"predecessor-version":[{"id":1057,"href":"https:\/\/fabijennas-seeleninsel.de\/wordpress\/wp-json\/wp\/v2\/posts\/1055\/revisions\/1057"}],"wp:featuredmedia":[{"embeddable":true,"href":"https:\/\/fabijennas-seeleninsel.de\/wordpress\/wp-json\/wp\/v2\/media\/1056"}],"wp:attachment":[{"href":"https:\/\/fabijennas-seeleninsel.de\/wordpress\/wp-json\/wp\/v2\/media?parent=1055"}],"wp:term":[{"taxonomy":"category","embeddable":true,"href":"https:\/\/fabijennas-seeleninsel.de\/wordpress\/wp-json\/wp\/v2\/categories?post=1055"},{"taxonomy":"post_tag","embeddable":true,"href":"https:\/\/fabijennas-seeleninsel.de\/wordpress\/wp-json\/wp\/v2\/tags?post=1055"}],"curies":[{"name":"wp","href":"https:\/\/api.w.org\/{rel}","templated":true}]}}