{"id":1145,"date":"2015-03-09T09:57:36","date_gmt":"2015-03-09T07:57:36","guid":{"rendered":"http:\/\/fabijennas-seeleninsel.de\/wordpress\/?p=1145"},"modified":"2015-07-29T20:38:05","modified_gmt":"2015-07-29T18:38:05","slug":"das-kreatives-herz","status":"publish","type":"post","link":"https:\/\/fabijennas-seeleninsel.de\/wordpress\/das-kreatives-herz\/","title":{"rendered":"Das kreatives Herz"},"content":{"rendered":"<p>Energie\/Heilstein: Das kreatives Herz<br \/>\nLenke deine Aufmerksamkeit auf Ideen, Visionen und kreative Sch\u00f6pferkraft die du in dir tr\u00e4gst. Gehe \u00fcber die Grenze hin aus und dr\u00fccke dich aus. Hinterlass deineVisitenkarten mit deinen Fingerabdr\u00fccke. Sei bereit nach au\u00dfen zu gehen und dein ICH BIN zu pr\u00e4sentieren. Dein kreatives Herz wartet auf den ersten Impuls den du ihm gibts.<br \/>\nIch halte mein Herz in meinen sanften H\u00e4nden und ber\u00fchre ihm mit sanften K\u00fcssen.<br \/>\nIch erwecke dich du Kreatives Herzilein, jetzt werde ich allen zeigen<br \/>\nwas ich kann. Ich wecke dich mit sanften K\u00fcssen wie der Prinz das Dornr\u00f6schen.<br \/>\nIch bin jetzt hier und voller Kraft ich sp\u00fcre meine starke Sch\u00f6pferkraft.<br \/>\nDiese wundersch\u00f6ner Flussstein hat sch\u00f6ne Herzform.<\/p>\n<p>Gr\u00f6\u00dfe: 10cmx10cm<\/p>\n<p>Nicht mehr erh\u00e4ltlich<\/p>\n<p>&nbsp;<\/p>\n<p><a href=\"http:\/\/fabijennas-seeleninsel.de\/wordpress\/wp-content\/uploads\/2015\/03\/11041739_807778255967810_5756272522193168012_n.jpg\"><img loading=\"lazy\" class=\"alignnone size-medium wp-image-1146\" src=\"http:\/\/fabijennas-seeleninsel.de\/wordpress\/wp-content\/uploads\/2015\/03\/11041739_807778255967810_5756272522193168012_n-640x480.jpg\" alt=\"11041739_807778255967810_5756272522193168012_n\" width=\"640\" height=\"480\" srcset=\"https:\/\/fabijennas-seeleninsel.de\/wordpress\/wp-content\/uploads\/2015\/03\/11041739_807778255967810_5756272522193168012_n-640x480.jpg 640w, https:\/\/fabijennas-seeleninsel.de\/wordpress\/wp-content\/uploads\/2015\/03\/11041739_807778255967810_5756272522193168012_n-800x600.jpg 800w, https:\/\/fabijennas-seeleninsel.de\/wordpress\/wp-content\/uploads\/2015\/03\/11041739_807778255967810_5756272522193168012_n.jpg 960w\" sizes=\"(max-width: 640px) 100vw, 640px\" \/><\/a><\/p>\n<p>&nbsp;<\/p>\n","protected":false},"excerpt":{"rendered":"<p>Energie\/Heilstein: Das kreatives Herz Lenke deine Aufmerksamkeit auf Ideen, Visionen und kreative Sch\u00f6pferkraft die du in dir tr\u00e4gst. Gehe \u00fcber die Grenze hin aus und dr\u00fccke dich aus. Hinterlass deineVisitenkarten mit deinen Fingerabdr\u00fccke. Sei bereit nach au\u00dfen zu gehen und dein ICH BIN zu pr\u00e4sentieren. Dein kreatives Herz wartet auf den ersten Impuls den du [&hellip;]<\/p>\n","protected":false},"author":3,"featured_media":1146,"comment_status":"closed","ping_status":"open","sticky":false,"template":"","format":"standard","meta":{"_et_pb_use_builder":"","_et_pb_old_content":"","_et_gb_content_width":""},"categories":[14],"tags":[],"_links":{"self":[{"href":"https:\/\/fabijennas-seeleninsel.de\/wordpress\/wp-json\/wp\/v2\/posts\/1145"}],"collection":[{"href":"https:\/\/fabijennas-seeleninsel.de\/wordpress\/wp-json\/wp\/v2\/posts"}],"about":[{"href":"https:\/\/fabijennas-seeleninsel.de\/wordpress\/wp-json\/wp\/v2\/types\/post"}],"author":[{"embeddable":true,"href":"https:\/\/fabijennas-seeleninsel.de\/wordpress\/wp-json\/wp\/v2\/users\/3"}],"replies":[{"embeddable":true,"href":"https:\/\/fabijennas-seeleninsel.de\/wordpress\/wp-json\/wp\/v2\/comments?post=1145"}],"version-history":[{"count":2,"href":"https:\/\/fabijennas-seeleninsel.de\/wordpress\/wp-json\/wp\/v2\/posts\/1145\/revisions"}],"predecessor-version":[{"id":1549,"href":"https:\/\/fabijennas-seeleninsel.de\/wordpress\/wp-json\/wp\/v2\/posts\/1145\/revisions\/1549"}],"wp:featuredmedia":[{"embeddable":true,"href":"https:\/\/fabijennas-seeleninsel.de\/wordpress\/wp-json\/wp\/v2\/media\/1146"}],"wp:attachment":[{"href":"https:\/\/fabijennas-seeleninsel.de\/wordpress\/wp-json\/wp\/v2\/media?parent=1145"}],"wp:term":[{"taxonomy":"category","embeddable":true,"href":"https:\/\/fabijennas-seeleninsel.de\/wordpress\/wp-json\/wp\/v2\/categories?post=1145"},{"taxonomy":"post_tag","embeddable":true,"href":"https:\/\/fabijennas-seeleninsel.de\/wordpress\/wp-json\/wp\/v2\/tags?post=1145"}],"curies":[{"name":"wp","href":"https:\/\/api.w.org\/{rel}","templated":true}]}}