{"id":1152,"date":"2015-03-12T08:55:34","date_gmt":"2015-03-12T06:55:34","guid":{"rendered":"http:\/\/fabijennas-seeleninsel.de\/wordpress\/?p=1152"},"modified":"2016-05-17T22:11:59","modified_gmt":"2016-05-17T20:11:59","slug":"krafttier-falke","status":"publish","type":"post","link":"https:\/\/fabijennas-seeleninsel.de\/wordpress\/krafttier-falke\/","title":{"rendered":"Krafttier Falke"},"content":{"rendered":"<p>Krafttier Falke<br \/>\nIch habe mich gesehen so wie ein Falke fliegen.<br \/>\n\u00dcber gr\u00fcne W\u00e4lder, Wiesen Felder, Seen und B\u00e4che bin ich gekreist und mit meinem scharfen Blick habe ich alles beobachtet. Mit meinen wachen Augen habe ich gesehen was alles unter mir geschieht und mit meinem gro\u00dfen Geist und dem gro\u00dfen Spirit bin ich eine Einheit geworden.<br \/>\nIch bin der Herr der Freiheit und der Herr \u00fcber dem Himmel. Ich sp\u00fcre die goldene Krone auf meinem Kopf die mich mit dem Sonnengott verbindet.<br \/>\nIch durchdringe die Schleier zu anders Welt und sehe klar und deutlich was um mich herum geschieht.<br \/>\nIch habe mich mutig von allen alten Fesseln befreit und sp\u00fcre wie die Kraft durch mich flie\u00dft.<br \/>\nUm so mehr Kraft durch mich flie\u00dft, um so mehr sp\u00fcre ich die Leichtigkeit in mir. Die Kraft der Feuer flie\u00dft durch meine Adern und ich sp\u00fcre die Einheit mit dem Sonnengott.<br \/>\nUm so mehr ich mit dem Sonnengott verschmelze, um so mehr sp\u00fcre ich das Element Luft das mich immer mehr zum gro\u00dfen Spirit tr\u00e4gt.<br \/>\nMeine Seele strahlt voller Sch\u00f6nheit und Licht und ich bin mit Frieden gef\u00fcllt.<br \/>\nSteingr\u00f6\u00dfe:12cmx11cm<br \/>\nVerpackt in einem selbstgen\u00e4hten S\u00e4ckchen.<\/p>\n<p>Ist bereits vergeben<\/p>\n<p><a href=\"http:\/\/fabijennas-seeleninsel.de\/wordpress\/wp-content\/uploads\/2015\/03\/IMG_2764.jpg\"><img loading=\"lazy\" class=\"alignnone size-medium wp-image-1154\" src=\"http:\/\/fabijennas-seeleninsel.de\/wordpress\/wp-content\/uploads\/2015\/03\/IMG_2764-640x427.jpg\" alt=\"IMG_2764\" width=\"640\" height=\"427\" srcset=\"https:\/\/fabijennas-seeleninsel.de\/wordpress\/wp-content\/uploads\/2015\/03\/IMG_2764-640x427.jpg 640w, https:\/\/fabijennas-seeleninsel.de\/wordpress\/wp-content\/uploads\/2015\/03\/IMG_2764-1024x683.jpg 1024w, https:\/\/fabijennas-seeleninsel.de\/wordpress\/wp-content\/uploads\/2015\/03\/IMG_2764-140x94.jpg 140w, https:\/\/fabijennas-seeleninsel.de\/wordpress\/wp-content\/uploads\/2015\/03\/IMG_2764-800x533.jpg 800w, https:\/\/fabijennas-seeleninsel.de\/wordpress\/wp-content\/uploads\/2015\/03\/IMG_2764.jpg 1920w\" sizes=\"(max-width: 640px) 100vw, 640px\" \/><\/a><\/p>\n","protected":false},"excerpt":{"rendered":"<p>Krafttier Falke Ich habe mich gesehen so wie ein Falke fliegen. \u00dcber gr\u00fcne W\u00e4lder, Wiesen Felder, Seen und B\u00e4che bin ich gekreist und mit meinem scharfen Blick habe ich alles beobachtet. Mit meinen wachen Augen habe ich gesehen was alles unter mir geschieht und mit meinem gro\u00dfen Geist und dem gro\u00dfen Spirit bin ich eine [&hellip;]<\/p>\n","protected":false},"author":3,"featured_media":1154,"comment_status":"closed","ping_status":"open","sticky":false,"template":"","format":"standard","meta":{"_et_pb_use_builder":"","_et_pb_old_content":"","_et_gb_content_width":""},"categories":[14],"tags":[],"_links":{"self":[{"href":"https:\/\/fabijennas-seeleninsel.de\/wordpress\/wp-json\/wp\/v2\/posts\/1152"}],"collection":[{"href":"https:\/\/fabijennas-seeleninsel.de\/wordpress\/wp-json\/wp\/v2\/posts"}],"about":[{"href":"https:\/\/fabijennas-seeleninsel.de\/wordpress\/wp-json\/wp\/v2\/types\/post"}],"author":[{"embeddable":true,"href":"https:\/\/fabijennas-seeleninsel.de\/wordpress\/wp-json\/wp\/v2\/users\/3"}],"replies":[{"embeddable":true,"href":"https:\/\/fabijennas-seeleninsel.de\/wordpress\/wp-json\/wp\/v2\/comments?post=1152"}],"version-history":[{"count":2,"href":"https:\/\/fabijennas-seeleninsel.de\/wordpress\/wp-json\/wp\/v2\/posts\/1152\/revisions"}],"predecessor-version":[{"id":2703,"href":"https:\/\/fabijennas-seeleninsel.de\/wordpress\/wp-json\/wp\/v2\/posts\/1152\/revisions\/2703"}],"wp:featuredmedia":[{"embeddable":true,"href":"https:\/\/fabijennas-seeleninsel.de\/wordpress\/wp-json\/wp\/v2\/media\/1154"}],"wp:attachment":[{"href":"https:\/\/fabijennas-seeleninsel.de\/wordpress\/wp-json\/wp\/v2\/media?parent=1152"}],"wp:term":[{"taxonomy":"category","embeddable":true,"href":"https:\/\/fabijennas-seeleninsel.de\/wordpress\/wp-json\/wp\/v2\/categories?post=1152"},{"taxonomy":"post_tag","embeddable":true,"href":"https:\/\/fabijennas-seeleninsel.de\/wordpress\/wp-json\/wp\/v2\/tags?post=1152"}],"curies":[{"name":"wp","href":"https:\/\/api.w.org\/{rel}","templated":true}]}}