{"id":1167,"date":"2015-03-25T08:40:50","date_gmt":"2015-03-25T06:40:50","guid":{"rendered":"http:\/\/fabijennas-seeleninsel.de\/wordpress\/?p=1167"},"modified":"2015-03-25T08:40:50","modified_gmt":"2015-03-25T06:40:50","slug":"kraftstein-kraftier-biene","status":"publish","type":"post","link":"https:\/\/fabijennas-seeleninsel.de\/wordpress\/kraftstein-kraftier-biene\/","title":{"rendered":"Kraftstein: Kraftier Biene"},"content":{"rendered":"<p>Kraftstein: Kraftier Biene<br \/>\nSumm,summ,summ die Kraft der Biene,begleitet mich,auf meinem Weg voller Pracht und Licht.<br \/>\nDie Biene zeigt mir meinen Weg zum Gl\u00fcck und verbindet mich mit der Kraft vom Sonnenlicht.<br \/>\nIch gehe Seite an Seite mit diesem wundervollen Wesen und h\u00f6re ihrem heiligen Summen zu das mir zeigt wie ich mich mit meinem Herzenskraft verbinde.<br \/>\nIch trinke den Nektar und schmecke die s\u00fc\u00dfe des Leben und feiere mein Leben mit Feen und Elfen.<br \/>\nWir flechten sch\u00f6ne Blumenkr\u00e4nze und feiern mein neues Leben.<br \/>\nIch gehe voller Achtsamkeit mit mir um und pflege meine Seelengarten mit Blumen und bet\u00f6rendem Duft.<br \/>\nIch lasse die Freude wie ein Wasserfall \u00fcber mich ergie\u00dfen und ich erkenne wie viele Talente und kreatives Potentialen ich in mir trage.<br \/>\nFlei\u00dfig wie die Bienchen mach ich mich an die Arbeit mit Disziplin und Ausdauer, dennoch achte ich auf die Signale wann genug ist.<br \/>\nSumm, summ, summ so gut schmeckt die s\u00fc\u00dfe des Lebens, summ, summ, summ ich erfreue mich an meinem Leben.<br \/>\nBienenkraftstein ist erh\u00e4ltlich in einem selbstgen\u00e4hten S\u00e4ckchen<br \/>\nSteingr\u00f6\u00dfe: 13cmx10cm<\/p>\n<p>Der Kraftierstein hilft dir diese F\u00e4higkeiten zu entwickeln und mit diesen Eigenschaften sich zu verbinden. Kraftstein st\u00e4rkt die Verbindung zu diesen Tiergeist und weckt die Kraftiermedizien des Kraftiers in dir<\/p>\n<p>Energieausgleich: 40 Euro<\/p>\n<p>&nbsp;<\/p>\n<p><a href=\"http:\/\/fabijennas-seeleninsel.de\/wordpress\/wp-content\/uploads\/2015\/03\/IMG_2809.jpg\"><img loading=\"lazy\" class=\"alignnone size-medium wp-image-1168\" src=\"http:\/\/fabijennas-seeleninsel.de\/wordpress\/wp-content\/uploads\/2015\/03\/IMG_2809-640x427.jpg\" alt=\"IMG_2809\" width=\"640\" height=\"427\" srcset=\"https:\/\/fabijennas-seeleninsel.de\/wordpress\/wp-content\/uploads\/2015\/03\/IMG_2809-640x427.jpg 640w, https:\/\/fabijennas-seeleninsel.de\/wordpress\/wp-content\/uploads\/2015\/03\/IMG_2809-1024x683.jpg 1024w, https:\/\/fabijennas-seeleninsel.de\/wordpress\/wp-content\/uploads\/2015\/03\/IMG_2809-140x94.jpg 140w, https:\/\/fabijennas-seeleninsel.de\/wordpress\/wp-content\/uploads\/2015\/03\/IMG_2809-800x533.jpg 800w, https:\/\/fabijennas-seeleninsel.de\/wordpress\/wp-content\/uploads\/2015\/03\/IMG_2809.jpg 1920w\" sizes=\"(max-width: 640px) 100vw, 640px\" \/><\/a> <a href=\"http:\/\/fabijennas-seeleninsel.de\/wordpress\/wp-content\/uploads\/2015\/03\/IMG_2802.jpg\"><img loading=\"lazy\" class=\"alignnone size-medium wp-image-1169\" src=\"http:\/\/fabijennas-seeleninsel.de\/wordpress\/wp-content\/uploads\/2015\/03\/IMG_2802-640x427.jpg\" alt=\"IMG_2802\" width=\"640\" height=\"427\" srcset=\"https:\/\/fabijennas-seeleninsel.de\/wordpress\/wp-content\/uploads\/2015\/03\/IMG_2802-640x427.jpg 640w, https:\/\/fabijennas-seeleninsel.de\/wordpress\/wp-content\/uploads\/2015\/03\/IMG_2802-1024x683.jpg 1024w, https:\/\/fabijennas-seeleninsel.de\/wordpress\/wp-content\/uploads\/2015\/03\/IMG_2802-140x94.jpg 140w, https:\/\/fabijennas-seeleninsel.de\/wordpress\/wp-content\/uploads\/2015\/03\/IMG_2802-800x533.jpg 800w, https:\/\/fabijennas-seeleninsel.de\/wordpress\/wp-content\/uploads\/2015\/03\/IMG_2802.jpg 1920w\" sizes=\"(max-width: 640px) 100vw, 640px\" \/><\/a><\/p>\n","protected":false},"excerpt":{"rendered":"<p>Kraftstein: Kraftier Biene Summ,summ,summ die Kraft der Biene,begleitet mich,auf meinem Weg voller Pracht und Licht. Die Biene zeigt mir meinen Weg zum Gl\u00fcck und verbindet mich mit der Kraft vom Sonnenlicht. Ich gehe Seite an Seite mit diesem wundervollen Wesen und h\u00f6re ihrem heiligen Summen zu das mir zeigt wie ich mich mit meinem Herzenskraft [&hellip;]<\/p>\n","protected":false},"author":3,"featured_media":1168,"comment_status":"closed","ping_status":"open","sticky":false,"template":"","format":"standard","meta":{"_et_pb_use_builder":"","_et_pb_old_content":"","_et_gb_content_width":""},"categories":[1,14],"tags":[],"_links":{"self":[{"href":"https:\/\/fabijennas-seeleninsel.de\/wordpress\/wp-json\/wp\/v2\/posts\/1167"}],"collection":[{"href":"https:\/\/fabijennas-seeleninsel.de\/wordpress\/wp-json\/wp\/v2\/posts"}],"about":[{"href":"https:\/\/fabijennas-seeleninsel.de\/wordpress\/wp-json\/wp\/v2\/types\/post"}],"author":[{"embeddable":true,"href":"https:\/\/fabijennas-seeleninsel.de\/wordpress\/wp-json\/wp\/v2\/users\/3"}],"replies":[{"embeddable":true,"href":"https:\/\/fabijennas-seeleninsel.de\/wordpress\/wp-json\/wp\/v2\/comments?post=1167"}],"version-history":[{"count":1,"href":"https:\/\/fabijennas-seeleninsel.de\/wordpress\/wp-json\/wp\/v2\/posts\/1167\/revisions"}],"predecessor-version":[{"id":1170,"href":"https:\/\/fabijennas-seeleninsel.de\/wordpress\/wp-json\/wp\/v2\/posts\/1167\/revisions\/1170"}],"wp:featuredmedia":[{"embeddable":true,"href":"https:\/\/fabijennas-seeleninsel.de\/wordpress\/wp-json\/wp\/v2\/media\/1168"}],"wp:attachment":[{"href":"https:\/\/fabijennas-seeleninsel.de\/wordpress\/wp-json\/wp\/v2\/media?parent=1167"}],"wp:term":[{"taxonomy":"category","embeddable":true,"href":"https:\/\/fabijennas-seeleninsel.de\/wordpress\/wp-json\/wp\/v2\/categories?post=1167"},{"taxonomy":"post_tag","embeddable":true,"href":"https:\/\/fabijennas-seeleninsel.de\/wordpress\/wp-json\/wp\/v2\/tags?post=1167"}],"curies":[{"name":"wp","href":"https:\/\/api.w.org\/{rel}","templated":true}]}}