{"id":1196,"date":"2015-04-05T13:03:13","date_gmt":"2015-04-05T11:03:13","guid":{"rendered":"http:\/\/fabijennas-seeleninsel.de\/wordpress\/?p=1196"},"modified":"2015-04-05T13:03:13","modified_gmt":"2015-04-05T11:03:13","slug":"kraftstein-kraftier-baer","status":"publish","type":"post","link":"https:\/\/fabijennas-seeleninsel.de\/wordpress\/kraftstein-kraftier-baer\/","title":{"rendered":"Kraftstein: Kraftier B\u00e4r"},"content":{"rendered":"<p>Kraftstein: Kraftier B\u00e4r<\/p>\n<p>In der Gestalt eines B\u00e4ren bin ich stark und mutig.<br \/>\nIch bewege mich kr\u00e4ftig und stark durch den Wald.<br \/>\nIch wei\u00df was meinem K\u00f6rper gut tut, daher ziehe ich mich auch gerne zur\u00fcck.<br \/>\nDie Zeit des R\u00fcckzuges tut mir gut und ich h\u00f6re in mein inneres was es mir zu sagen hat. Ich lausche und entspanne mich dabei.<br \/>\nIn der Ruhephase empfange ich wichtige Botschaften die mir auf meinem Weg helfen. Ausgehungert nach Leben, aber voller Kraft, trete ich aus meiner Ruhezeit hervor. Voller Mut und St\u00e4rke erkenne ich intuitiv was zu mir geh\u00f6rt und was nicht. Eng verbunden mit der Muttererde weis ich wie ich meine Kraftreserven wieder aktivieren kann.<br \/>\nDer Herzschlag der Muttererde ist mein st\u00e4ndiger Begleiter in meinem Ohr.<br \/>\nIch lebe im Einklang und Gesetzt der Natur und sch\u00f6pfe aus ihrer Kraft.<br \/>\nKeiner und nichts wird mich auf meinem Weg aufhalten den ich voller Mut,St\u00e4rke und Vertrauen Hand in Hand mit der gro\u00dfen Mutter gehe.<br \/>\nIch sch\u00f6pfe die Kraft aus dem mutigen B\u00e4ren.<br \/>\nSteingr\u00f6\u00dfe\/ Durchmesser : 12,5 cm<\/p>\n<p>Energieausgleich: 48 Euro<\/p>\n<p>Der Stein ist liebevoll Verpackt<\/p>\n<p>&nbsp;<\/p>\n<p><a href=\"http:\/\/fabijennas-seeleninsel.de\/wordpress\/wp-content\/uploads\/2015\/04\/IMG_2780.jpg\"><img loading=\"lazy\" class=\"alignnone size-medium wp-image-1197\" src=\"http:\/\/fabijennas-seeleninsel.de\/wordpress\/wp-content\/uploads\/2015\/04\/IMG_2780-640x427.jpg\" alt=\"IMG_2780\" width=\"640\" height=\"427\" srcset=\"https:\/\/fabijennas-seeleninsel.de\/wordpress\/wp-content\/uploads\/2015\/04\/IMG_2780-640x427.jpg 640w, https:\/\/fabijennas-seeleninsel.de\/wordpress\/wp-content\/uploads\/2015\/04\/IMG_2780-1024x683.jpg 1024w, https:\/\/fabijennas-seeleninsel.de\/wordpress\/wp-content\/uploads\/2015\/04\/IMG_2780-140x94.jpg 140w, https:\/\/fabijennas-seeleninsel.de\/wordpress\/wp-content\/uploads\/2015\/04\/IMG_2780-800x533.jpg 800w, https:\/\/fabijennas-seeleninsel.de\/wordpress\/wp-content\/uploads\/2015\/04\/IMG_2780.jpg 1920w\" sizes=\"(max-width: 640px) 100vw, 640px\" \/><\/a><\/p>\n","protected":false},"excerpt":{"rendered":"<p>Kraftstein: Kraftier B\u00e4r In der Gestalt eines B\u00e4ren bin ich stark und mutig. Ich bewege mich kr\u00e4ftig und stark durch den Wald. Ich wei\u00df was meinem K\u00f6rper gut tut, daher ziehe ich mich auch gerne zur\u00fcck. Die Zeit des R\u00fcckzuges tut mir gut und ich h\u00f6re in mein inneres was es mir zu sagen hat. [&hellip;]<\/p>\n","protected":false},"author":3,"featured_media":1197,"comment_status":"closed","ping_status":"open","sticky":false,"template":"","format":"standard","meta":{"_et_pb_use_builder":"","_et_pb_old_content":"","_et_gb_content_width":""},"categories":[14],"tags":[],"_links":{"self":[{"href":"https:\/\/fabijennas-seeleninsel.de\/wordpress\/wp-json\/wp\/v2\/posts\/1196"}],"collection":[{"href":"https:\/\/fabijennas-seeleninsel.de\/wordpress\/wp-json\/wp\/v2\/posts"}],"about":[{"href":"https:\/\/fabijennas-seeleninsel.de\/wordpress\/wp-json\/wp\/v2\/types\/post"}],"author":[{"embeddable":true,"href":"https:\/\/fabijennas-seeleninsel.de\/wordpress\/wp-json\/wp\/v2\/users\/3"}],"replies":[{"embeddable":true,"href":"https:\/\/fabijennas-seeleninsel.de\/wordpress\/wp-json\/wp\/v2\/comments?post=1196"}],"version-history":[{"count":1,"href":"https:\/\/fabijennas-seeleninsel.de\/wordpress\/wp-json\/wp\/v2\/posts\/1196\/revisions"}],"predecessor-version":[{"id":1198,"href":"https:\/\/fabijennas-seeleninsel.de\/wordpress\/wp-json\/wp\/v2\/posts\/1196\/revisions\/1198"}],"wp:featuredmedia":[{"embeddable":true,"href":"https:\/\/fabijennas-seeleninsel.de\/wordpress\/wp-json\/wp\/v2\/media\/1197"}],"wp:attachment":[{"href":"https:\/\/fabijennas-seeleninsel.de\/wordpress\/wp-json\/wp\/v2\/media?parent=1196"}],"wp:term":[{"taxonomy":"category","embeddable":true,"href":"https:\/\/fabijennas-seeleninsel.de\/wordpress\/wp-json\/wp\/v2\/categories?post=1196"},{"taxonomy":"post_tag","embeddable":true,"href":"https:\/\/fabijennas-seeleninsel.de\/wordpress\/wp-json\/wp\/v2\/tags?post=1196"}],"curies":[{"name":"wp","href":"https:\/\/api.w.org\/{rel}","templated":true}]}}