{"id":1248,"date":"2015-04-21T22:27:44","date_gmt":"2015-04-21T20:27:44","guid":{"rendered":"http:\/\/fabijennas-seeleninsel.de\/wordpress\/?p=1248"},"modified":"2015-04-21T22:27:44","modified_gmt":"2015-04-21T20:27:44","slug":"universum-des-erkennens","status":"publish","type":"post","link":"https:\/\/fabijennas-seeleninsel.de\/wordpress\/universum-des-erkennens\/","title":{"rendered":"Universum des Erkennens"},"content":{"rendered":"<p>Universum: Energie\/Heilbild: Universum des Erkennens.<br \/>\nDu bist gro\u00df und noch gr\u00f6\u00dfer als du glaubst. Dein Seelenlicht strahlt soweit, das du es nicht mit deinem blo\u00dfen Auge sehen kannst. Bis ins Universum strahlt das Licht, so gro\u00df bist du ,du Gotteskind. Dein Herz singt das Lied von deinem Seelenlicht und wenn du nach ihnen kehrst, dann h\u00f6rst du die Kl\u00e4nge vom g\u00f6ttlichen Lied.<br \/>\nSp\u00fcre deine innere Kraft, sp\u00fcre die Kraft deines g\u00f6ttlichen Atems und die Kraft deiner g\u00f6ttlichen Liebe. Sp\u00fcre den Frieden in dir und erkenne das du ein g\u00f6ttliches Kind bist.<br \/>\nBild: 100cmx50cmx3,9cm<\/p>\n<p>BEREITS VERGEBEN<\/p>\n<p>&nbsp;<\/p>\n<p><a href=\"http:\/\/fabijennas-seeleninsel.de\/wordpress\/wp-content\/uploads\/2015\/04\/10947437_792029497542686_6486313504412075378_o.jpg\"><img loading=\"lazy\" class=\"alignnone size-medium wp-image-1249\" src=\"http:\/\/fabijennas-seeleninsel.de\/wordpress\/wp-content\/uploads\/2015\/04\/10947437_792029497542686_6486313504412075378_o-273x480.jpg\" alt=\"10947437_792029497542686_6486313504412075378_o\" width=\"273\" height=\"480\" srcset=\"https:\/\/fabijennas-seeleninsel.de\/wordpress\/wp-content\/uploads\/2015\/04\/10947437_792029497542686_6486313504412075378_o-273x480.jpg 273w, https:\/\/fabijennas-seeleninsel.de\/wordpress\/wp-content\/uploads\/2015\/04\/10947437_792029497542686_6486313504412075378_o-582x1024.jpg 582w, https:\/\/fabijennas-seeleninsel.de\/wordpress\/wp-content\/uploads\/2015\/04\/10947437_792029497542686_6486313504412075378_o-454x800.jpg 454w, https:\/\/fabijennas-seeleninsel.de\/wordpress\/wp-content\/uploads\/2015\/04\/10947437_792029497542686_6486313504412075378_o-800x1409.jpg 800w, https:\/\/fabijennas-seeleninsel.de\/wordpress\/wp-content\/uploads\/2015\/04\/10947437_792029497542686_6486313504412075378_o.jpg 1163w\" sizes=\"(max-width: 273px) 100vw, 273px\" \/><\/a><\/p>\n","protected":false},"excerpt":{"rendered":"<p>Universum: Energie\/Heilbild: Universum des Erkennens. Du bist gro\u00df und noch gr\u00f6\u00dfer als du glaubst. Dein Seelenlicht strahlt soweit, das du es nicht mit deinem blo\u00dfen Auge sehen kannst. Bis ins Universum strahlt das Licht, so gro\u00df bist du ,du Gotteskind. Dein Herz singt das Lied von deinem Seelenlicht und wenn du nach ihnen kehrst, dann [&hellip;]<\/p>\n","protected":false},"author":3,"featured_media":1249,"comment_status":"closed","ping_status":"open","sticky":false,"template":"","format":"standard","meta":{"_et_pb_use_builder":"","_et_pb_old_content":"","_et_gb_content_width":""},"categories":[8,13],"tags":[],"_links":{"self":[{"href":"https:\/\/fabijennas-seeleninsel.de\/wordpress\/wp-json\/wp\/v2\/posts\/1248"}],"collection":[{"href":"https:\/\/fabijennas-seeleninsel.de\/wordpress\/wp-json\/wp\/v2\/posts"}],"about":[{"href":"https:\/\/fabijennas-seeleninsel.de\/wordpress\/wp-json\/wp\/v2\/types\/post"}],"author":[{"embeddable":true,"href":"https:\/\/fabijennas-seeleninsel.de\/wordpress\/wp-json\/wp\/v2\/users\/3"}],"replies":[{"embeddable":true,"href":"https:\/\/fabijennas-seeleninsel.de\/wordpress\/wp-json\/wp\/v2\/comments?post=1248"}],"version-history":[{"count":1,"href":"https:\/\/fabijennas-seeleninsel.de\/wordpress\/wp-json\/wp\/v2\/posts\/1248\/revisions"}],"predecessor-version":[{"id":1250,"href":"https:\/\/fabijennas-seeleninsel.de\/wordpress\/wp-json\/wp\/v2\/posts\/1248\/revisions\/1250"}],"wp:featuredmedia":[{"embeddable":true,"href":"https:\/\/fabijennas-seeleninsel.de\/wordpress\/wp-json\/wp\/v2\/media\/1249"}],"wp:attachment":[{"href":"https:\/\/fabijennas-seeleninsel.de\/wordpress\/wp-json\/wp\/v2\/media?parent=1248"}],"wp:term":[{"taxonomy":"category","embeddable":true,"href":"https:\/\/fabijennas-seeleninsel.de\/wordpress\/wp-json\/wp\/v2\/categories?post=1248"},{"taxonomy":"post_tag","embeddable":true,"href":"https:\/\/fabijennas-seeleninsel.de\/wordpress\/wp-json\/wp\/v2\/tags?post=1248"}],"curies":[{"name":"wp","href":"https:\/\/api.w.org\/{rel}","templated":true}]}}