{"id":1267,"date":"2015-05-06T10:13:03","date_gmt":"2015-05-06T08:13:03","guid":{"rendered":"http:\/\/fabijennas-seeleninsel.de\/wordpress\/?p=1267"},"modified":"2015-05-06T10:13:03","modified_gmt":"2015-05-06T08:13:03","slug":"krafttier-adler","status":"publish","type":"post","link":"https:\/\/fabijennas-seeleninsel.de\/wordpress\/krafttier-adler\/","title":{"rendered":"Krafttier Adler"},"content":{"rendered":"<p>Krafttierstein: Krafttier Adler<br \/>\nOh du K\u00f6nig der L\u00fcfte, oh du Bote des gro\u00dfes Geistes. Nimm mich auf die Reise zu den Wolken und den Sonnenstrahlen.<br \/>\nVerleihe mir deine Augen das ich scharf sehen kann und erkennen kann wer sich in mein Energiefeld herumtreibt.<br \/>\nLass mich erkennen von wem und was ich mich trennen darf, wer mir ein guter Freund ist und wer es noch sein kann.<br \/>\nIch m\u00f6chte meine Fl\u00fcgel ausbreiten , mich mit dem Himmel und der Erde verbinden und von oben alles betrachten und die Freude im Herzen sp\u00fcren.<br \/>\nIch m\u00f6chte die Fl\u00fcgel ausbreiten und die Weisheit in mir sp\u00fcren die Verbindung zum gro\u00dfen Geist sp\u00fcren,<br \/>\nIch sp\u00fcre die Kraft ich sp\u00fcre die Freiheit Ich sp\u00fcre die Verbindung zu mir selbst und sp\u00fcre die Klarheit.<br \/>\nIch sp\u00fcre meine g\u00f6ttliche Macht in mir.<br \/>\nIch breite meine Fl\u00fcgel aus und hebe ab in die H\u00f6he.<br \/>\nIch rieche die Luft ich sp\u00fcre den Wind und die Sonne streift durch mein Federkleid.<br \/>\nIch sehe die B\u00e4ume, ich sehe das Grass ,ich fliege zu den Bergen ich bin so frei.<br \/>\nIch steige immer h\u00f6her und immer h\u00f6her und Kreise zu dem Himmel empor.<br \/>\nIch genie\u00dfe es K\u00f6nig der L\u00fcfte zu sein.<br \/>\nIch genie\u00dfe den majest\u00e4tischen freien Flug und werfe einen Blick auf mein ganzes Leben und mein tun.<br \/>\nIch weiss ich bin der Herrscher \u00fcber mein Leben und ich jage von mir fern was mir in meinen Weg steht.<br \/>\nDer Kraftstein ist liebevoll verpackt<\/p>\n<p>Energieausgleich: 50 Euro<\/p>\n<p>&nbsp;<\/p>\n<p><a href=\"http:\/\/fabijennas-seeleninsel.de\/wordpress\/wp-content\/uploads\/2015\/05\/IMG_2960.jpg\"><img loading=\"lazy\" class=\"alignnone size-medium wp-image-1268\" src=\"http:\/\/fabijennas-seeleninsel.de\/wordpress\/wp-content\/uploads\/2015\/05\/IMG_2960-640x427.jpg\" alt=\"IMG_2960\" width=\"640\" height=\"427\" srcset=\"https:\/\/fabijennas-seeleninsel.de\/wordpress\/wp-content\/uploads\/2015\/05\/IMG_2960-640x427.jpg 640w, https:\/\/fabijennas-seeleninsel.de\/wordpress\/wp-content\/uploads\/2015\/05\/IMG_2960-1024x683.jpg 1024w, https:\/\/fabijennas-seeleninsel.de\/wordpress\/wp-content\/uploads\/2015\/05\/IMG_2960-140x94.jpg 140w, https:\/\/fabijennas-seeleninsel.de\/wordpress\/wp-content\/uploads\/2015\/05\/IMG_2960-800x533.jpg 800w, https:\/\/fabijennas-seeleninsel.de\/wordpress\/wp-content\/uploads\/2015\/05\/IMG_2960.jpg 1920w\" sizes=\"(max-width: 640px) 100vw, 640px\" \/><\/a><\/p>\n","protected":false},"excerpt":{"rendered":"<p>Krafttierstein: Krafttier Adler Oh du K\u00f6nig der L\u00fcfte, oh du Bote des gro\u00dfes Geistes. Nimm mich auf die Reise zu den Wolken und den Sonnenstrahlen. Verleihe mir deine Augen das ich scharf sehen kann und erkennen kann wer sich in mein Energiefeld herumtreibt. Lass mich erkennen von wem und was ich mich trennen darf, wer [&hellip;]<\/p>\n","protected":false},"author":3,"featured_media":1268,"comment_status":"closed","ping_status":"open","sticky":false,"template":"","format":"standard","meta":{"_et_pb_use_builder":"","_et_pb_old_content":"","_et_gb_content_width":""},"categories":[14],"tags":[],"_links":{"self":[{"href":"https:\/\/fabijennas-seeleninsel.de\/wordpress\/wp-json\/wp\/v2\/posts\/1267"}],"collection":[{"href":"https:\/\/fabijennas-seeleninsel.de\/wordpress\/wp-json\/wp\/v2\/posts"}],"about":[{"href":"https:\/\/fabijennas-seeleninsel.de\/wordpress\/wp-json\/wp\/v2\/types\/post"}],"author":[{"embeddable":true,"href":"https:\/\/fabijennas-seeleninsel.de\/wordpress\/wp-json\/wp\/v2\/users\/3"}],"replies":[{"embeddable":true,"href":"https:\/\/fabijennas-seeleninsel.de\/wordpress\/wp-json\/wp\/v2\/comments?post=1267"}],"version-history":[{"count":1,"href":"https:\/\/fabijennas-seeleninsel.de\/wordpress\/wp-json\/wp\/v2\/posts\/1267\/revisions"}],"predecessor-version":[{"id":1269,"href":"https:\/\/fabijennas-seeleninsel.de\/wordpress\/wp-json\/wp\/v2\/posts\/1267\/revisions\/1269"}],"wp:featuredmedia":[{"embeddable":true,"href":"https:\/\/fabijennas-seeleninsel.de\/wordpress\/wp-json\/wp\/v2\/media\/1268"}],"wp:attachment":[{"href":"https:\/\/fabijennas-seeleninsel.de\/wordpress\/wp-json\/wp\/v2\/media?parent=1267"}],"wp:term":[{"taxonomy":"category","embeddable":true,"href":"https:\/\/fabijennas-seeleninsel.de\/wordpress\/wp-json\/wp\/v2\/categories?post=1267"},{"taxonomy":"post_tag","embeddable":true,"href":"https:\/\/fabijennas-seeleninsel.de\/wordpress\/wp-json\/wp\/v2\/tags?post=1267"}],"curies":[{"name":"wp","href":"https:\/\/api.w.org\/{rel}","templated":true}]}}