{"id":1331,"date":"2015-05-19T07:59:48","date_gmt":"2015-05-19T05:59:48","guid":{"rendered":"http:\/\/fabijennas-seeleninsel.de\/wordpress\/?p=1331"},"modified":"2015-05-19T07:59:48","modified_gmt":"2015-05-19T05:59:48","slug":"engel-des-erbluehen","status":"publish","type":"post","link":"https:\/\/fabijennas-seeleninsel.de\/wordpress\/engel-des-erbluehen\/","title":{"rendered":"Engel des erbl\u00fchen"},"content":{"rendered":"<p>Engel des erbl\u00fchen<br \/>\nLasse dein Leben erbl\u00fchen wie in dem sch\u00f6nsten Garten auf dieser Welt. Rieche die D\u00fcfte, ber\u00fchre die Sanftheit der Blumen nimm die Augenblicke war. Der Engel des Erbl\u00fchen tanzt mit dir durch die Wiese und zeigt dir das Leben, es ist so wunderbar. Hier ein Bienchen, hier ein Schmetterling und was krabbelt hier?? Oh das ist ein K\u00e4fer der zu dir blickt. Der Engel des Erbl\u00fchen nimmt dich sanft an. deine Hand und \u00f6ffnet dein Herz wie eine Fr\u00fchlingspracht.<br \/>\nEin sch\u00f6nes Duo sind wir, fl\u00fcstert der sch\u00f6ne Engel zu dir.<br \/>\nDer Engelstein ist erh\u00e4ltlich.<br \/>\nEngelsteingr\u00f6\u00dfe: 11cm<\/p>\n<p>Mit liebe und geistiger F\u00fchrung gemalt.<br \/>\nDer Engelstein ist liebevoll eingepackt.<br \/>\nAlle meine Energie-Heil und -Engelsteine sind mit Energie und Engelenergien aufgeladen so wie mit Gebete besprochen .<\/p>\n<p>Energieausgleich: 38 Euro<\/p>\n<p>&nbsp;<\/p>\n<p><a href=\"http:\/\/fabijennas-seeleninsel.de\/wordpress\/wp-content\/uploads\/2015\/05\/IMG_3119.jpg\"><img loading=\"lazy\" class=\"alignnone size-medium wp-image-1332\" src=\"http:\/\/fabijennas-seeleninsel.de\/wordpress\/wp-content\/uploads\/2015\/05\/IMG_3119-640x427.jpg\" alt=\"IMG_3119\" width=\"640\" height=\"427\" srcset=\"https:\/\/fabijennas-seeleninsel.de\/wordpress\/wp-content\/uploads\/2015\/05\/IMG_3119-640x427.jpg 640w, https:\/\/fabijennas-seeleninsel.de\/wordpress\/wp-content\/uploads\/2015\/05\/IMG_3119-1024x683.jpg 1024w, https:\/\/fabijennas-seeleninsel.de\/wordpress\/wp-content\/uploads\/2015\/05\/IMG_3119-140x94.jpg 140w, https:\/\/fabijennas-seeleninsel.de\/wordpress\/wp-content\/uploads\/2015\/05\/IMG_3119-800x533.jpg 800w, https:\/\/fabijennas-seeleninsel.de\/wordpress\/wp-content\/uploads\/2015\/05\/IMG_3119.jpg 1920w\" sizes=\"(max-width: 640px) 100vw, 640px\" \/><\/a><\/p>\n","protected":false},"excerpt":{"rendered":"<p>Engel des erbl\u00fchen Lasse dein Leben erbl\u00fchen wie in dem sch\u00f6nsten Garten auf dieser Welt. Rieche die D\u00fcfte, ber\u00fchre die Sanftheit der Blumen nimm die Augenblicke war. Der Engel des Erbl\u00fchen tanzt mit dir durch die Wiese und zeigt dir das Leben, es ist so wunderbar. Hier ein Bienchen, hier ein Schmetterling und was krabbelt [&hellip;]<\/p>\n","protected":false},"author":3,"featured_media":1332,"comment_status":"closed","ping_status":"open","sticky":false,"template":"","format":"standard","meta":{"_et_pb_use_builder":"","_et_pb_old_content":"","_et_gb_content_width":""},"categories":[14],"tags":[],"_links":{"self":[{"href":"https:\/\/fabijennas-seeleninsel.de\/wordpress\/wp-json\/wp\/v2\/posts\/1331"}],"collection":[{"href":"https:\/\/fabijennas-seeleninsel.de\/wordpress\/wp-json\/wp\/v2\/posts"}],"about":[{"href":"https:\/\/fabijennas-seeleninsel.de\/wordpress\/wp-json\/wp\/v2\/types\/post"}],"author":[{"embeddable":true,"href":"https:\/\/fabijennas-seeleninsel.de\/wordpress\/wp-json\/wp\/v2\/users\/3"}],"replies":[{"embeddable":true,"href":"https:\/\/fabijennas-seeleninsel.de\/wordpress\/wp-json\/wp\/v2\/comments?post=1331"}],"version-history":[{"count":2,"href":"https:\/\/fabijennas-seeleninsel.de\/wordpress\/wp-json\/wp\/v2\/posts\/1331\/revisions"}],"predecessor-version":[{"id":1636,"href":"https:\/\/fabijennas-seeleninsel.de\/wordpress\/wp-json\/wp\/v2\/posts\/1331\/revisions\/1636"}],"wp:featuredmedia":[{"embeddable":true,"href":"https:\/\/fabijennas-seeleninsel.de\/wordpress\/wp-json\/wp\/v2\/media\/1332"}],"wp:attachment":[{"href":"https:\/\/fabijennas-seeleninsel.de\/wordpress\/wp-json\/wp\/v2\/media?parent=1331"}],"wp:term":[{"taxonomy":"category","embeddable":true,"href":"https:\/\/fabijennas-seeleninsel.de\/wordpress\/wp-json\/wp\/v2\/categories?post=1331"},{"taxonomy":"post_tag","embeddable":true,"href":"https:\/\/fabijennas-seeleninsel.de\/wordpress\/wp-json\/wp\/v2\/tags?post=1331"}],"curies":[{"name":"wp","href":"https:\/\/api.w.org\/{rel}","templated":true}]}}