{"id":1366,"date":"2015-05-23T10:01:55","date_gmt":"2015-05-23T08:01:55","guid":{"rendered":"http:\/\/fabijennas-seeleninsel.de\/wordpress\/?p=1366"},"modified":"2015-05-23T10:01:55","modified_gmt":"2015-05-23T08:01:55","slug":"persoenliches-seelenstein","status":"publish","type":"post","link":"https:\/\/fabijennas-seeleninsel.de\/wordpress\/persoenliches-seelenstein\/","title":{"rendered":"Pers\u00f6nliches Seelenstein"},"content":{"rendered":"<p>Pers\u00f6nliches Seelenstein.<br \/>\nIch freue mich auf die Reise in die Schweiz. \u2764<br \/>\nDanke das ich dieser Pers\u00f6nlichen Seelenstein zeigen darf<\/p>\n<p>M\u00f6chtest du auch dein pers\u00f6nlichen Seelenstein?<\/p>\n<p>Schreibe mir oder rufe mich an.<\/p>\n<p>Ich ben\u00f6tige dein Geburtstagsdatum und deine Foto.<\/p>\n<p>&nbsp;<\/p>\n<p>&nbsp;<\/p>\n<p><a href=\"http:\/\/fabijennas-seeleninsel.de\/wordpress\/wp-content\/uploads\/2015\/05\/988832_843295975749371_2429477534469003323_n.jpg\"><img loading=\"lazy\" class=\"alignnone size-medium wp-image-1367\" src=\"http:\/\/fabijennas-seeleninsel.de\/wordpress\/wp-content\/uploads\/2015\/05\/988832_843295975749371_2429477534469003323_n-480x480.jpg\" alt=\"988832_843295975749371_2429477534469003323_n\" width=\"480\" height=\"480\" srcset=\"https:\/\/fabijennas-seeleninsel.de\/wordpress\/wp-content\/uploads\/2015\/05\/988832_843295975749371_2429477534469003323_n-480x480.jpg 480w, https:\/\/fabijennas-seeleninsel.de\/wordpress\/wp-content\/uploads\/2015\/05\/988832_843295975749371_2429477534469003323_n-300x300.jpg 300w, https:\/\/fabijennas-seeleninsel.de\/wordpress\/wp-content\/uploads\/2015\/05\/988832_843295975749371_2429477534469003323_n-240x240.jpg 240w, https:\/\/fabijennas-seeleninsel.de\/wordpress\/wp-content\/uploads\/2015\/05\/988832_843295975749371_2429477534469003323_n-96x96.jpg 96w, https:\/\/fabijennas-seeleninsel.de\/wordpress\/wp-content\/uploads\/2015\/05\/988832_843295975749371_2429477534469003323_n-121x121.jpg 121w, https:\/\/fabijennas-seeleninsel.de\/wordpress\/wp-content\/uploads\/2015\/05\/988832_843295975749371_2429477534469003323_n-60x60.jpg 60w, https:\/\/fabijennas-seeleninsel.de\/wordpress\/wp-content\/uploads\/2015\/05\/988832_843295975749371_2429477534469003323_n-184x184.jpg 184w, https:\/\/fabijennas-seeleninsel.de\/wordpress\/wp-content\/uploads\/2015\/05\/988832_843295975749371_2429477534469003323_n-800x800.jpg 800w, https:\/\/fabijennas-seeleninsel.de\/wordpress\/wp-content\/uploads\/2015\/05\/988832_843295975749371_2429477534469003323_n.jpg 960w\" sizes=\"(max-width: 480px) 100vw, 480px\" \/><\/a><\/p>\n","protected":false},"excerpt":{"rendered":"<p>Pers\u00f6nliches Seelenstein. Ich freue mich auf die Reise in die Schweiz. \u2764 Danke das ich dieser Pers\u00f6nlichen Seelenstein zeigen darf M\u00f6chtest du auch dein pers\u00f6nlichen Seelenstein? Schreibe mir oder rufe mich an. Ich ben\u00f6tige dein Geburtstagsdatum und deine Foto. &nbsp; &nbsp;<\/p>\n","protected":false},"author":3,"featured_media":1367,"comment_status":"closed","ping_status":"open","sticky":false,"template":"","format":"standard","meta":{"_et_pb_use_builder":"","_et_pb_old_content":"","_et_gb_content_width":""},"categories":[1,14],"tags":[],"_links":{"self":[{"href":"https:\/\/fabijennas-seeleninsel.de\/wordpress\/wp-json\/wp\/v2\/posts\/1366"}],"collection":[{"href":"https:\/\/fabijennas-seeleninsel.de\/wordpress\/wp-json\/wp\/v2\/posts"}],"about":[{"href":"https:\/\/fabijennas-seeleninsel.de\/wordpress\/wp-json\/wp\/v2\/types\/post"}],"author":[{"embeddable":true,"href":"https:\/\/fabijennas-seeleninsel.de\/wordpress\/wp-json\/wp\/v2\/users\/3"}],"replies":[{"embeddable":true,"href":"https:\/\/fabijennas-seeleninsel.de\/wordpress\/wp-json\/wp\/v2\/comments?post=1366"}],"version-history":[{"count":1,"href":"https:\/\/fabijennas-seeleninsel.de\/wordpress\/wp-json\/wp\/v2\/posts\/1366\/revisions"}],"predecessor-version":[{"id":1368,"href":"https:\/\/fabijennas-seeleninsel.de\/wordpress\/wp-json\/wp\/v2\/posts\/1366\/revisions\/1368"}],"wp:featuredmedia":[{"embeddable":true,"href":"https:\/\/fabijennas-seeleninsel.de\/wordpress\/wp-json\/wp\/v2\/media\/1367"}],"wp:attachment":[{"href":"https:\/\/fabijennas-seeleninsel.de\/wordpress\/wp-json\/wp\/v2\/media?parent=1366"}],"wp:term":[{"taxonomy":"category","embeddable":true,"href":"https:\/\/fabijennas-seeleninsel.de\/wordpress\/wp-json\/wp\/v2\/categories?post=1366"},{"taxonomy":"post_tag","embeddable":true,"href":"https:\/\/fabijennas-seeleninsel.de\/wordpress\/wp-json\/wp\/v2\/tags?post=1366"}],"curies":[{"name":"wp","href":"https:\/\/api.w.org\/{rel}","templated":true}]}}