{"id":1375,"date":"2015-05-24T12:57:34","date_gmt":"2015-05-24T10:57:34","guid":{"rendered":"http:\/\/fabijennas-seeleninsel.de\/wordpress\/?p=1375"},"modified":"2015-05-24T16:34:29","modified_gmt":"2015-05-24T14:34:29","slug":"erzengel-sandalphon","status":"publish","type":"post","link":"https:\/\/fabijennas-seeleninsel.de\/wordpress\/erzengel-sandalphon\/","title":{"rendered":"Erzengel Sandalphon"},"content":{"rendered":"<p>Erzengel Sandalphon der H\u00fcter des Wachstum oder der G\u00e4rtner Gottes.<\/p>\n<p>Er hilft bei Arbeit mit dem inneren Kind.<br \/>\nEr ist der H\u00fcter des Wachstum auf materiellen Ebene.<br \/>\nErzengel Sandalphon ist der Botschafter der H\u00f6heren Ebenen und<br \/>\nUnterst\u00fctzt die zusammen F\u00fchrung von Zwillingsseelen.<br \/>\nSandalphon hat einen engen Kontakt zum Muttererde und erinnert dich daran, wie wichtig ist es jeder Tag den Kontakt zum Muttererde haben.<br \/>\nDeine Wurzel tief in die Erde wachsen lassen und aus ihren Kraft sch\u00f6pfen.<br \/>\nSteingr\u00f6\u00dfe: 12cm<br \/>\nErzengel Sandalphon ist liebevoll eingepackt.<\/p>\n<p>Danke f\u00fcr die liebevolle Unterst\u00fctzung und F\u00fchrung<\/p>\n<p>Bereits vergeben<\/p>\n<p>&nbsp;<\/p>\n<p><a href=\"http:\/\/fabijennas-seeleninsel.de\/wordpress\/wp-content\/uploads\/2015\/05\/IMG_3229.jpg\"><img loading=\"lazy\" class=\"alignnone size-medium wp-image-1376\" src=\"http:\/\/fabijennas-seeleninsel.de\/wordpress\/wp-content\/uploads\/2015\/05\/IMG_3229-640x427.jpg\" alt=\"IMG_3229\" width=\"640\" height=\"427\" srcset=\"https:\/\/fabijennas-seeleninsel.de\/wordpress\/wp-content\/uploads\/2015\/05\/IMG_3229-640x427.jpg 640w, https:\/\/fabijennas-seeleninsel.de\/wordpress\/wp-content\/uploads\/2015\/05\/IMG_3229-1024x683.jpg 1024w, https:\/\/fabijennas-seeleninsel.de\/wordpress\/wp-content\/uploads\/2015\/05\/IMG_3229-140x94.jpg 140w, https:\/\/fabijennas-seeleninsel.de\/wordpress\/wp-content\/uploads\/2015\/05\/IMG_3229-800x533.jpg 800w, https:\/\/fabijennas-seeleninsel.de\/wordpress\/wp-content\/uploads\/2015\/05\/IMG_3229.jpg 1920w\" sizes=\"(max-width: 640px) 100vw, 640px\" \/><\/a><\/p>\n","protected":false},"excerpt":{"rendered":"<p>Erzengel Sandalphon der H\u00fcter des Wachstum oder der G\u00e4rtner Gottes. Er hilft bei Arbeit mit dem inneren Kind. Er ist der H\u00fcter des Wachstum auf materiellen Ebene. Erzengel Sandalphon ist der Botschafter der H\u00f6heren Ebenen und Unterst\u00fctzt die zusammen F\u00fchrung von Zwillingsseelen. Sandalphon hat einen engen Kontakt zum Muttererde und erinnert dich daran, wie wichtig [&hellip;]<\/p>\n","protected":false},"author":3,"featured_media":1376,"comment_status":"closed","ping_status":"open","sticky":false,"template":"","format":"standard","meta":{"_et_pb_use_builder":"","_et_pb_old_content":"","_et_gb_content_width":""},"categories":[14],"tags":[],"_links":{"self":[{"href":"https:\/\/fabijennas-seeleninsel.de\/wordpress\/wp-json\/wp\/v2\/posts\/1375"}],"collection":[{"href":"https:\/\/fabijennas-seeleninsel.de\/wordpress\/wp-json\/wp\/v2\/posts"}],"about":[{"href":"https:\/\/fabijennas-seeleninsel.de\/wordpress\/wp-json\/wp\/v2\/types\/post"}],"author":[{"embeddable":true,"href":"https:\/\/fabijennas-seeleninsel.de\/wordpress\/wp-json\/wp\/v2\/users\/3"}],"replies":[{"embeddable":true,"href":"https:\/\/fabijennas-seeleninsel.de\/wordpress\/wp-json\/wp\/v2\/comments?post=1375"}],"version-history":[{"count":2,"href":"https:\/\/fabijennas-seeleninsel.de\/wordpress\/wp-json\/wp\/v2\/posts\/1375\/revisions"}],"predecessor-version":[{"id":1379,"href":"https:\/\/fabijennas-seeleninsel.de\/wordpress\/wp-json\/wp\/v2\/posts\/1375\/revisions\/1379"}],"wp:featuredmedia":[{"embeddable":true,"href":"https:\/\/fabijennas-seeleninsel.de\/wordpress\/wp-json\/wp\/v2\/media\/1376"}],"wp:attachment":[{"href":"https:\/\/fabijennas-seeleninsel.de\/wordpress\/wp-json\/wp\/v2\/media?parent=1375"}],"wp:term":[{"taxonomy":"category","embeddable":true,"href":"https:\/\/fabijennas-seeleninsel.de\/wordpress\/wp-json\/wp\/v2\/categories?post=1375"},{"taxonomy":"post_tag","embeddable":true,"href":"https:\/\/fabijennas-seeleninsel.de\/wordpress\/wp-json\/wp\/v2\/tags?post=1375"}],"curies":[{"name":"wp","href":"https:\/\/api.w.org\/{rel}","templated":true}]}}