{"id":1493,"date":"2015-06-22T17:06:09","date_gmt":"2015-06-22T15:06:09","guid":{"rendered":"http:\/\/fabijennas-seeleninsel.de\/wordpress\/?p=1493"},"modified":"2015-06-22T17:06:09","modified_gmt":"2015-06-22T15:06:09","slug":"engel-der-innere-reise","status":"publish","type":"post","link":"https:\/\/fabijennas-seeleninsel.de\/wordpress\/engel-der-innere-reise\/","title":{"rendered":"Engel der innere Reise"},"content":{"rendered":"<p>Engel der inneren Reise<br \/>\nKomm mit mir auf eine Reise in dein Inneres.<br \/>\nIch lade dich ein und freue mich dass ich dein Begleiter sein darf.<br \/>\nIch zeige dir Orte der Stille und der Sch\u00f6nheit.<br \/>\nIch zeige dir das Innere Universum das in dir wohnt.<br \/>\nIch bringe dich zu deinem Seelengarten.<br \/>\nIch bringe dich an den Ort wo dein inneres Kind wohnt.<br \/>\nIch bringe dich zu deiner inneren Frau und zu deinem inneren Mann.<br \/>\nIch bringe dich an den Ort an dem du deine wichtige Fragen stellen kannst.<br \/>\nIch bringe dich auf einen wundersch\u00f6nen Ort deiner urspr\u00fcnglichen Kraft.<br \/>\nAn diesem Ort wirst du die Botschaften deiner Seele h\u00f6ren.<br \/>\nDu kannst an diesem Ort erkennen was dich alles zur\u00fcck h\u00e4lt in deine ganze Kraft zu kommen.<br \/>\nAn diesen Ort wirst du lernen alle deine Begrenzungen und Leiden aufzul\u00f6sen.<br \/>\nEs werden Reisen sein zu deiner Wahrheit, deiner Authentizit\u00e4t und voller Abenteuer.<br \/>\nBegib dich nun auf die Reise mit mir, ich werde dein st\u00e4ndiger Begleiter sein wenn du es mir erlaubst.<br \/>\nBildgr\u00f6sse: 60x60cm<br \/>\nMit Liebe und Himmlische F\u00fchrung gemalt.<\/p>\n<p>Energieausgleich:180 Euro<\/p>\n<p>Dieser wundersch\u00f6ne Engel ist frisch geboren unter meinen H\u00e4nden und es ist seine neue Premiere sich in voller Sch\u00f6nheit zu zeigen.<br \/>\nWenn dich dieser Engel anspricht schreibe mir eine Nachricht \u00fcber meine email.<br \/>\nnicole.rosenauer@gmx.de<\/p>\n<p>&nbsp;<\/p>\n<p>&nbsp;<\/p>\n<p>&nbsp;<\/p>\n<p>&nbsp;<\/p>\n<p><a href=\"http:\/\/fabijennas-seeleninsel.de\/wordpress\/wp-content\/uploads\/2015\/06\/IMG_3455.jpg\"><img loading=\"lazy\" class=\"alignnone size-medium wp-image-1494\" src=\"http:\/\/fabijennas-seeleninsel.de\/wordpress\/wp-content\/uploads\/2015\/06\/IMG_3455-640x461.jpg\" alt=\"IMG_3455\" width=\"640\" height=\"461\" srcset=\"https:\/\/fabijennas-seeleninsel.de\/wordpress\/wp-content\/uploads\/2015\/06\/IMG_3455-640x461.jpg 640w, https:\/\/fabijennas-seeleninsel.de\/wordpress\/wp-content\/uploads\/2015\/06\/IMG_3455-1024x737.jpg 1024w, https:\/\/fabijennas-seeleninsel.de\/wordpress\/wp-content\/uploads\/2015\/06\/IMG_3455-800x576.jpg 800w, https:\/\/fabijennas-seeleninsel.de\/wordpress\/wp-content\/uploads\/2015\/06\/IMG_3455.jpg 1765w\" sizes=\"(max-width: 640px) 100vw, 640px\" \/><\/a><\/p>\n<p>&nbsp;<\/p>\n<p>&nbsp;<\/p>\n","protected":false},"excerpt":{"rendered":"<p>Engel der inneren Reise Komm mit mir auf eine Reise in dein Inneres. Ich lade dich ein und freue mich dass ich dein Begleiter sein darf. Ich zeige dir Orte der Stille und der Sch\u00f6nheit. Ich zeige dir das Innere Universum das in dir wohnt. Ich bringe dich zu deinem Seelengarten. Ich bringe dich an [&hellip;]<\/p>\n","protected":false},"author":3,"featured_media":1494,"comment_status":"closed","ping_status":"open","sticky":false,"template":"","format":"standard","meta":{"_et_pb_use_builder":"","_et_pb_old_content":"","_et_gb_content_width":""},"categories":[1,8],"tags":[],"_links":{"self":[{"href":"https:\/\/fabijennas-seeleninsel.de\/wordpress\/wp-json\/wp\/v2\/posts\/1493"}],"collection":[{"href":"https:\/\/fabijennas-seeleninsel.de\/wordpress\/wp-json\/wp\/v2\/posts"}],"about":[{"href":"https:\/\/fabijennas-seeleninsel.de\/wordpress\/wp-json\/wp\/v2\/types\/post"}],"author":[{"embeddable":true,"href":"https:\/\/fabijennas-seeleninsel.de\/wordpress\/wp-json\/wp\/v2\/users\/3"}],"replies":[{"embeddable":true,"href":"https:\/\/fabijennas-seeleninsel.de\/wordpress\/wp-json\/wp\/v2\/comments?post=1493"}],"version-history":[{"count":1,"href":"https:\/\/fabijennas-seeleninsel.de\/wordpress\/wp-json\/wp\/v2\/posts\/1493\/revisions"}],"predecessor-version":[{"id":1495,"href":"https:\/\/fabijennas-seeleninsel.de\/wordpress\/wp-json\/wp\/v2\/posts\/1493\/revisions\/1495"}],"wp:featuredmedia":[{"embeddable":true,"href":"https:\/\/fabijennas-seeleninsel.de\/wordpress\/wp-json\/wp\/v2\/media\/1494"}],"wp:attachment":[{"href":"https:\/\/fabijennas-seeleninsel.de\/wordpress\/wp-json\/wp\/v2\/media?parent=1493"}],"wp:term":[{"taxonomy":"category","embeddable":true,"href":"https:\/\/fabijennas-seeleninsel.de\/wordpress\/wp-json\/wp\/v2\/categories?post=1493"},{"taxonomy":"post_tag","embeddable":true,"href":"https:\/\/fabijennas-seeleninsel.de\/wordpress\/wp-json\/wp\/v2\/tags?post=1493"}],"curies":[{"name":"wp","href":"https:\/\/api.w.org\/{rel}","templated":true}]}}