{"id":1511,"date":"2015-07-01T07:36:06","date_gmt":"2015-07-01T05:36:06","guid":{"rendered":"http:\/\/fabijennas-seeleninsel.de\/wordpress\/?p=1511"},"modified":"2015-07-01T07:37:23","modified_gmt":"2015-07-01T05:37:23","slug":"die-goettin-der-inneren-mitte","status":"publish","type":"post","link":"https:\/\/fabijennas-seeleninsel.de\/wordpress\/die-goettin-der-inneren-mitte\/","title":{"rendered":"Die G\u00f6ttin der inneren Mitte"},"content":{"rendered":"<p>Die G\u00f6ttin der inneren Mitte.<br \/>\nIn der inneren Mitte zu sein bedeutet f\u00fcr dich dass du selbst zu dir stehst. Dieses Gef\u00fchl kommt aus deinem Herzen und flie\u00dft durch deinen ganzen K\u00f6rper,durch deine Zellen und flie\u00dft durch das Blut. Du f\u00fchlst dich geerdet und in vollkommenen Sicherheit.<br \/>\nDu musst nicht abh\u00e4ngig sein von anderen denn deine Macht alles zu schaffen hast du in dir angebetet.<br \/>\nDu besitzt die Kraft der Sonne, die vollkommene Macht.<br \/>\nWisse das jedes mal wenn du Angst und Schuldgef\u00fchle hast und du dagegen k\u00e4mpfst wirst du aus deiner inneren Mitte herausgeworfen und f\u00fchlst dich geschw\u00e4cht und m\u00fcde.<br \/>\nDie G\u00f6ttin der inneren Mitte erinnert dich daran was f\u00fcr ein machtvolles Wesen bist und wie du deine Energie in deinem inneren Zentrum lenken kannst.<br \/>\nSie zeigt dir wie wichtig es ist, zu sich selber zu stehen und auch anerkennen dass auch die \u00e4ngstlichen Gef\u00fchlen zu dir geh\u00f6ren. Wenn du diese Gef\u00fchle umarmen kannst und sie annehmen kannst k\u00f6nnen sie wieder abflie\u00dfen und du sp\u00fcrst die Kraft in deiner inneren Mitte.<br \/>\nIch helfe dir deine innere Sonnenenergie wieder zu aktivieren und dein inneres Feuer zu entz\u00fcnden.<br \/>\nUnsere Reise kann jetzt beginnen.<br \/>\nAm bestens ist es wenn du mit meinen Bilder Meditierst, so kannst du die F\u00fchrung am bestens f\u00fchlen, sp\u00fcren und sehen.<br \/>\nIch bin unendlich dankbar dass ich dieses Bild malen und diese wundervolle magische Reise mit der G\u00f6ttin der eigenen Mitte erleben durfte.<br \/>\nMit Liebe und G\u00f6ttlichen F\u00fchrung gemalt und geschrieben.<br \/>\nBildgr\u00f6\u00dfe: 100x70cm<br \/>\nMaterial:Kehlrahmen, Modelierpaste,Sand, Acrylfarben,Glitzer, Versiegelunglack.<br \/>\nIST BEREITS VERGEBEN \u2764<\/p>\n<p>&nbsp;<\/p>\n<p><a href=\"http:\/\/fabijennas-seeleninsel.de\/wordpress\/wp-content\/uploads\/2015\/07\/IMG_3466.jpg\"><img loading=\"lazy\" class=\"alignnone size-medium wp-image-1512\" src=\"http:\/\/fabijennas-seeleninsel.de\/wordpress\/wp-content\/uploads\/2015\/07\/IMG_3466-250x480.jpg\" alt=\"IMG_3466\" width=\"250\" height=\"480\" srcset=\"https:\/\/fabijennas-seeleninsel.de\/wordpress\/wp-content\/uploads\/2015\/07\/IMG_3466-250x480.jpg 250w, https:\/\/fabijennas-seeleninsel.de\/wordpress\/wp-content\/uploads\/2015\/07\/IMG_3466-534x1024.jpg 534w, https:\/\/fabijennas-seeleninsel.de\/wordpress\/wp-content\/uploads\/2015\/07\/IMG_3466-417x800.jpg 417w, https:\/\/fabijennas-seeleninsel.de\/wordpress\/wp-content\/uploads\/2015\/07\/IMG_3466-800x1535.jpg 800w, https:\/\/fabijennas-seeleninsel.de\/wordpress\/wp-content\/uploads\/2015\/07\/IMG_3466.jpg 911w\" sizes=\"(max-width: 250px) 100vw, 250px\" \/><\/a> <a href=\"http:\/\/fabijennas-seeleninsel.de\/wordpress\/wp-content\/uploads\/2015\/07\/17688_864641176948184_7631002923807051897_n.jpg\"><img loading=\"lazy\" class=\"alignnone size-medium wp-image-1513\" src=\"http:\/\/fabijennas-seeleninsel.de\/wordpress\/wp-content\/uploads\/2015\/07\/17688_864641176948184_7631002923807051897_n-360x480.jpg\" alt=\"17688_864641176948184_7631002923807051897_n\" width=\"360\" height=\"480\" \/><\/a><\/p>\n","protected":false},"excerpt":{"rendered":"<p>Die G\u00f6ttin der inneren Mitte. In der inneren Mitte zu sein bedeutet f\u00fcr dich dass du selbst zu dir stehst. Dieses Gef\u00fchl kommt aus deinem Herzen und flie\u00dft durch deinen ganzen K\u00f6rper,durch deine Zellen und flie\u00dft durch das Blut. Du f\u00fchlst dich geerdet und in vollkommenen Sicherheit. Du musst nicht abh\u00e4ngig sein von anderen denn [&hellip;]<\/p>\n","protected":false},"author":3,"featured_media":1512,"comment_status":"closed","ping_status":"open","sticky":false,"template":"","format":"standard","meta":{"_et_pb_use_builder":"","_et_pb_old_content":"","_et_gb_content_width":""},"categories":[1,8],"tags":[],"_links":{"self":[{"href":"https:\/\/fabijennas-seeleninsel.de\/wordpress\/wp-json\/wp\/v2\/posts\/1511"}],"collection":[{"href":"https:\/\/fabijennas-seeleninsel.de\/wordpress\/wp-json\/wp\/v2\/posts"}],"about":[{"href":"https:\/\/fabijennas-seeleninsel.de\/wordpress\/wp-json\/wp\/v2\/types\/post"}],"author":[{"embeddable":true,"href":"https:\/\/fabijennas-seeleninsel.de\/wordpress\/wp-json\/wp\/v2\/users\/3"}],"replies":[{"embeddable":true,"href":"https:\/\/fabijennas-seeleninsel.de\/wordpress\/wp-json\/wp\/v2\/comments?post=1511"}],"version-history":[{"count":1,"href":"https:\/\/fabijennas-seeleninsel.de\/wordpress\/wp-json\/wp\/v2\/posts\/1511\/revisions"}],"predecessor-version":[{"id":1514,"href":"https:\/\/fabijennas-seeleninsel.de\/wordpress\/wp-json\/wp\/v2\/posts\/1511\/revisions\/1514"}],"wp:featuredmedia":[{"embeddable":true,"href":"https:\/\/fabijennas-seeleninsel.de\/wordpress\/wp-json\/wp\/v2\/media\/1512"}],"wp:attachment":[{"href":"https:\/\/fabijennas-seeleninsel.de\/wordpress\/wp-json\/wp\/v2\/media?parent=1511"}],"wp:term":[{"taxonomy":"category","embeddable":true,"href":"https:\/\/fabijennas-seeleninsel.de\/wordpress\/wp-json\/wp\/v2\/categories?post=1511"},{"taxonomy":"post_tag","embeddable":true,"href":"https:\/\/fabijennas-seeleninsel.de\/wordpress\/wp-json\/wp\/v2\/tags?post=1511"}],"curies":[{"name":"wp","href":"https:\/\/api.w.org\/{rel}","templated":true}]}}