{"id":1554,"date":"2015-08-02T19:02:50","date_gmt":"2015-08-02T17:02:50","guid":{"rendered":"http:\/\/fabijennas-seeleninsel.de\/wordpress\/?p=1554"},"modified":"2015-08-02T19:02:50","modified_gmt":"2015-08-02T17:02:50","slug":"erzengel-michael-2","status":"publish","type":"post","link":"https:\/\/fabijennas-seeleninsel.de\/wordpress\/erzengel-michael-2\/","title":{"rendered":"Erzengel Michael"},"content":{"rendered":"<p>Engelkette: Erzengel Michael<br \/>\nMit seine sch\u00fctzende, Kraftvolle und st\u00e4rkende Energie, begleitet dich Erzengel Michael jeder Tag.<br \/>\nDie Engelkette schaut wundersch\u00f6n aus und gleichzeitig begleitet dich auf jedem Schritt.<\/p>\n<p>Die Kette ist mit Energien aufgeladen und mit schamanischen Kr\u00e4utermischung ger\u00e4uchert.<br \/>\nDer Engelstein ist pers\u00f6nliche von mir durchgebohrt und auf einem blauen Kordel mit Holzperle aufgeh\u00e4ngt.<br \/>\nMit Schutzlack versiegelt.<br \/>\nErzengel Michael ist liebevoll verpackt dazu lege ich einem Schutzengelfl\u00fcgel Kettenanh\u00e4nger. \u2764<br \/>\nEngelgr\u00f6\u00dfe: 5 cm<\/p>\n<p>&nbsp;<\/p>\n<p>Bereits vergeben<a href=\"http:\/\/fabijennas-seeleninsel.de\/wordpress\/wp-content\/uploads\/2015\/08\/11755362_881265278619107_5982180331819341741_n.jpg\"><img loading=\"lazy\" class=\"alignnone size-medium wp-image-1555\" src=\"http:\/\/fabijennas-seeleninsel.de\/wordpress\/wp-content\/uploads\/2015\/08\/11755362_881265278619107_5982180331819341741_n-640x480.jpg\" alt=\"11755362_881265278619107_5982180331819341741_n\" width=\"640\" height=\"480\" srcset=\"https:\/\/fabijennas-seeleninsel.de\/wordpress\/wp-content\/uploads\/2015\/08\/11755362_881265278619107_5982180331819341741_n-640x480.jpg 640w, https:\/\/fabijennas-seeleninsel.de\/wordpress\/wp-content\/uploads\/2015\/08\/11755362_881265278619107_5982180331819341741_n-800x600.jpg 800w, https:\/\/fabijennas-seeleninsel.de\/wordpress\/wp-content\/uploads\/2015\/08\/11755362_881265278619107_5982180331819341741_n.jpg 960w\" sizes=\"(max-width: 640px) 100vw, 640px\" \/><\/a><\/p>\n","protected":false},"excerpt":{"rendered":"<p>Engelkette: Erzengel Michael Mit seine sch\u00fctzende, Kraftvolle und st\u00e4rkende Energie, begleitet dich Erzengel Michael jeder Tag. Die Engelkette schaut wundersch\u00f6n aus und gleichzeitig begleitet dich auf jedem Schritt. Die Kette ist mit Energien aufgeladen und mit schamanischen Kr\u00e4utermischung ger\u00e4uchert. Der Engelstein ist pers\u00f6nliche von mir durchgebohrt und auf einem blauen Kordel mit Holzperle aufgeh\u00e4ngt. Mit [&hellip;]<\/p>\n","protected":false},"author":3,"featured_media":1555,"comment_status":"closed","ping_status":"open","sticky":false,"template":"","format":"standard","meta":{"_et_pb_use_builder":"","_et_pb_old_content":"","_et_gb_content_width":""},"categories":[14],"tags":[],"_links":{"self":[{"href":"https:\/\/fabijennas-seeleninsel.de\/wordpress\/wp-json\/wp\/v2\/posts\/1554"}],"collection":[{"href":"https:\/\/fabijennas-seeleninsel.de\/wordpress\/wp-json\/wp\/v2\/posts"}],"about":[{"href":"https:\/\/fabijennas-seeleninsel.de\/wordpress\/wp-json\/wp\/v2\/types\/post"}],"author":[{"embeddable":true,"href":"https:\/\/fabijennas-seeleninsel.de\/wordpress\/wp-json\/wp\/v2\/users\/3"}],"replies":[{"embeddable":true,"href":"https:\/\/fabijennas-seeleninsel.de\/wordpress\/wp-json\/wp\/v2\/comments?post=1554"}],"version-history":[{"count":1,"href":"https:\/\/fabijennas-seeleninsel.de\/wordpress\/wp-json\/wp\/v2\/posts\/1554\/revisions"}],"predecessor-version":[{"id":1556,"href":"https:\/\/fabijennas-seeleninsel.de\/wordpress\/wp-json\/wp\/v2\/posts\/1554\/revisions\/1556"}],"wp:featuredmedia":[{"embeddable":true,"href":"https:\/\/fabijennas-seeleninsel.de\/wordpress\/wp-json\/wp\/v2\/media\/1555"}],"wp:attachment":[{"href":"https:\/\/fabijennas-seeleninsel.de\/wordpress\/wp-json\/wp\/v2\/media?parent=1554"}],"wp:term":[{"taxonomy":"category","embeddable":true,"href":"https:\/\/fabijennas-seeleninsel.de\/wordpress\/wp-json\/wp\/v2\/categories?post=1554"},{"taxonomy":"post_tag","embeddable":true,"href":"https:\/\/fabijennas-seeleninsel.de\/wordpress\/wp-json\/wp\/v2\/tags?post=1554"}],"curies":[{"name":"wp","href":"https:\/\/api.w.org\/{rel}","templated":true}]}}