{"id":1568,"date":"2015-08-10T12:45:13","date_gmt":"2015-08-10T10:45:13","guid":{"rendered":"http:\/\/fabijennas-seeleninsel.de\/wordpress\/?p=1568"},"modified":"2015-08-10T12:45:13","modified_gmt":"2015-08-10T10:45:13","slug":"engelkette-engel-der-klarheit","status":"publish","type":"post","link":"https:\/\/fabijennas-seeleninsel.de\/wordpress\/engelkette-engel-der-klarheit\/","title":{"rendered":"Engelkette: Engel der Klarheit."},"content":{"rendered":"<p>Engelkette: Engel der Klarheit. <\/p>\n<p>Mach die Augen zu und begegne dich auf der Reise deiner W\u00fcnsche.<br \/>\nWenn du auf das Ziel antriffst behalte diesen Augenblick in dein Ged\u00e4chtnis.<br \/>\nWie f\u00fchlt sich dieses Ziel deiner Reise an?<br \/>\nIch werde dich begleiten und mit Klarheit umh\u00fcllen das du diesem Wunsch nachgehen kannst. Mit jedem Schritt werde ich dich mit Mut und Klarheit unterst\u00fctzen.<br \/>\nNa los ,ziehe jetzt die Meilenschuhe an es geht los.<\/p>\n<p>Mit Liebe und himmlischer F\u00fchrung gemalt und geschrieben \u2764<\/p>\n<p>Die Kette ist mit Energien aufgeladen und mit einer schamanischen Kr\u00e4utermischung ger\u00e4uchert.<br \/>\nDer Engelstein ist von mir pers\u00f6nlich durchgebohrt ,auf einer blauen Kordel mit zwei Holzperlen angeh\u00e4ngt und mit Schutzlack versiegelt.<br \/>\nSteingr\u00f6sse: Durchmesser 4cm<br \/>\nDer Engel der Klarheit ist liebevoll verpackt dazu lege ich einen Schutzengelfl\u00fcgel Kettenanh\u00e4nger. \u2764<\/p>\n<p>Energieausgleich:28 Euro<\/p>\n<p>&nbsp;<\/p>\n<p><a href=\"http:\/\/fabijennas-seeleninsel.de\/wordpress\/wp-content\/uploads\/2015\/08\/11836864_882311235181178_4312228609642498043_n.jpg\"><img loading=\"lazy\" class=\"alignnone size-medium wp-image-1563\" src=\"http:\/\/fabijennas-seeleninsel.de\/wordpress\/wp-content\/uploads\/2015\/08\/11836864_882311235181178_4312228609642498043_n-360x480.jpg\" alt=\"11836864_882311235181178_4312228609642498043_n\" width=\"360\" height=\"480\" srcset=\"https:\/\/fabijennas-seeleninsel.de\/wordpress\/wp-content\/uploads\/2015\/08\/11836864_882311235181178_4312228609642498043_n-360x480.jpg 360w, https:\/\/fabijennas-seeleninsel.de\/wordpress\/wp-content\/uploads\/2015\/08\/11836864_882311235181178_4312228609642498043_n-600x800.jpg 600w, https:\/\/fabijennas-seeleninsel.de\/wordpress\/wp-content\/uploads\/2015\/08\/11836864_882311235181178_4312228609642498043_n.jpg 720w\" sizes=\"(max-width: 360px) 100vw, 360px\" \/><\/a><a href=\"http:\/\/fabijennas-seeleninsel.de\/wordpress\/wp-content\/uploads\/2015\/08\/11041119_882311105181191_4242842861140690355_n.jpg\"><img loading=\"lazy\" class=\"alignnone size-medium wp-image-1564\" src=\"http:\/\/fabijennas-seeleninsel.de\/wordpress\/wp-content\/uploads\/2015\/08\/11041119_882311105181191_4242842861140690355_n-640x480.jpg\" alt=\"11041119_882311105181191_4242842861140690355_n\" width=\"640\" height=\"480\" srcset=\"https:\/\/fabijennas-seeleninsel.de\/wordpress\/wp-content\/uploads\/2015\/08\/11041119_882311105181191_4242842861140690355_n-640x480.jpg 640w, https:\/\/fabijennas-seeleninsel.de\/wordpress\/wp-content\/uploads\/2015\/08\/11041119_882311105181191_4242842861140690355_n-800x600.jpg 800w, https:\/\/fabijennas-seeleninsel.de\/wordpress\/wp-content\/uploads\/2015\/08\/11041119_882311105181191_4242842861140690355_n.jpg 960w\" sizes=\"(max-width: 640px) 100vw, 640px\" \/><\/a><\/p>\n","protected":false},"excerpt":{"rendered":"<p>Engelkette: Engel der Klarheit. Mach die Augen zu und begegne dich auf der Reise deiner W\u00fcnsche. Wenn du auf das Ziel antriffst behalte diesen Augenblick in dein Ged\u00e4chtnis. Wie f\u00fchlt sich dieses Ziel deiner Reise an? Ich werde dich begleiten und mit Klarheit umh\u00fcllen das du diesem Wunsch nachgehen kannst. Mit jedem Schritt werde ich [&hellip;]<\/p>\n","protected":false},"author":3,"featured_media":1564,"comment_status":"closed","ping_status":"open","sticky":false,"template":"","format":"standard","meta":{"_et_pb_use_builder":"","_et_pb_old_content":"","_et_gb_content_width":""},"categories":[14],"tags":[],"_links":{"self":[{"href":"https:\/\/fabijennas-seeleninsel.de\/wordpress\/wp-json\/wp\/v2\/posts\/1568"}],"collection":[{"href":"https:\/\/fabijennas-seeleninsel.de\/wordpress\/wp-json\/wp\/v2\/posts"}],"about":[{"href":"https:\/\/fabijennas-seeleninsel.de\/wordpress\/wp-json\/wp\/v2\/types\/post"}],"author":[{"embeddable":true,"href":"https:\/\/fabijennas-seeleninsel.de\/wordpress\/wp-json\/wp\/v2\/users\/3"}],"replies":[{"embeddable":true,"href":"https:\/\/fabijennas-seeleninsel.de\/wordpress\/wp-json\/wp\/v2\/comments?post=1568"}],"version-history":[{"count":1,"href":"https:\/\/fabijennas-seeleninsel.de\/wordpress\/wp-json\/wp\/v2\/posts\/1568\/revisions"}],"predecessor-version":[{"id":1569,"href":"https:\/\/fabijennas-seeleninsel.de\/wordpress\/wp-json\/wp\/v2\/posts\/1568\/revisions\/1569"}],"wp:featuredmedia":[{"embeddable":true,"href":"https:\/\/fabijennas-seeleninsel.de\/wordpress\/wp-json\/wp\/v2\/media\/1564"}],"wp:attachment":[{"href":"https:\/\/fabijennas-seeleninsel.de\/wordpress\/wp-json\/wp\/v2\/media?parent=1568"}],"wp:term":[{"taxonomy":"category","embeddable":true,"href":"https:\/\/fabijennas-seeleninsel.de\/wordpress\/wp-json\/wp\/v2\/categories?post=1568"},{"taxonomy":"post_tag","embeddable":true,"href":"https:\/\/fabijennas-seeleninsel.de\/wordpress\/wp-json\/wp\/v2\/tags?post=1568"}],"curies":[{"name":"wp","href":"https:\/\/api.w.org\/{rel}","templated":true}]}}