{"id":1609,"date":"2015-09-01T08:09:17","date_gmt":"2015-09-01T06:09:17","guid":{"rendered":"http:\/\/fabijennas-seeleninsel.de\/wordpress\/?p=1609"},"modified":"2015-09-01T08:09:17","modified_gmt":"2015-09-01T06:09:17","slug":"kraft-der-inneren-sonne","status":"publish","type":"post","link":"https:\/\/fabijennas-seeleninsel.de\/wordpress\/kraft-der-inneren-sonne\/","title":{"rendered":"Kraft der inneren Sonne"},"content":{"rendered":"<p>EnergieKraftkette: Kraft der inneren Sonne<br \/>\nUnser Lebenskraft wird im Solarplexuschakra geboren.<br \/>\nDiese Kraftkette, Kraft der innere Sonne energetisiert die solarplexus Chakra. Du f\u00fchlst deine eigene Kraft.<br \/>\nMeine Kraftketten sind handgefertigte Unikate mit viel Liebe gestaltet und<br \/>\nmit Energien aufgeladen. Die Symbole so wie die Bilder empfange ich w\u00e4hrend dem malen. Meine Kraftketten gestalte ich aus Flusssteine und verschiedenen Perlen.<br \/>\nDer bemalte Kraftanh\u00e4nger ist von mir durchgebohrt und auf einer Baumwollkordel aufgeh\u00e4ngt. Die Kette enth\u00e4lt zwei Strass Rondele<br \/>\nund Schutzengelfl\u00fcgel Anh\u00e4nger. Die Steinanh\u00e4nger sind mit Acrylfarben bemalt und mit einem wasserfesten Lack versiegelt.<br \/>\nAlle meine Ketten sind mit einer schamanischer R\u00e4ucherung ger\u00e4uchert.<br \/>\nGr\u00f6\u00dfe: 5,5 cm<\/p>\n<p>Energieausgleich: 33 Euro+Porto<br \/>\nWenn du Interesse hast kann ich auch deine pers\u00f6nliche Seelenkraftenergiekette anfertigen.<\/p>\n<p>schreibe mir ein Nachricht \u00fcber meine email nicole.rosenauer@gmx.de<\/p>\n<p>&nbsp;<\/p>\n<p><a href=\"http:\/\/fabijennas-seeleninsel.de\/wordpress\/wp-content\/uploads\/2015\/09\/IMG_3611.jpg\"><img loading=\"lazy\" class=\"alignnone size-medium wp-image-1610\" src=\"http:\/\/fabijennas-seeleninsel.de\/wordpress\/wp-content\/uploads\/2015\/09\/IMG_3611-640x440.jpg\" alt=\"IMG_3611\" width=\"640\" height=\"440\" srcset=\"https:\/\/fabijennas-seeleninsel.de\/wordpress\/wp-content\/uploads\/2015\/09\/IMG_3611-640x440.jpg 640w, https:\/\/fabijennas-seeleninsel.de\/wordpress\/wp-content\/uploads\/2015\/09\/IMG_3611-1024x704.jpg 1024w, https:\/\/fabijennas-seeleninsel.de\/wordpress\/wp-content\/uploads\/2015\/09\/IMG_3611-800x550.jpg 800w\" sizes=\"(max-width: 640px) 100vw, 640px\" \/><\/a> <a href=\"http:\/\/fabijennas-seeleninsel.de\/wordpress\/wp-content\/uploads\/2015\/09\/IMG_3613.jpg\"><img loading=\"lazy\" class=\"alignnone size-medium wp-image-1611\" src=\"http:\/\/fabijennas-seeleninsel.de\/wordpress\/wp-content\/uploads\/2015\/09\/IMG_3613-640x427.jpg\" alt=\"IMG_3613\" width=\"640\" height=\"427\" srcset=\"https:\/\/fabijennas-seeleninsel.de\/wordpress\/wp-content\/uploads\/2015\/09\/IMG_3613-640x427.jpg 640w, https:\/\/fabijennas-seeleninsel.de\/wordpress\/wp-content\/uploads\/2015\/09\/IMG_3613-1024x683.jpg 1024w, https:\/\/fabijennas-seeleninsel.de\/wordpress\/wp-content\/uploads\/2015\/09\/IMG_3613-140x94.jpg 140w, https:\/\/fabijennas-seeleninsel.de\/wordpress\/wp-content\/uploads\/2015\/09\/IMG_3613-800x533.jpg 800w, https:\/\/fabijennas-seeleninsel.de\/wordpress\/wp-content\/uploads\/2015\/09\/IMG_3613.jpg 1920w\" sizes=\"(max-width: 640px) 100vw, 640px\" \/><\/a><\/p>\n","protected":false},"excerpt":{"rendered":"<p>EnergieKraftkette: Kraft der inneren Sonne Unser Lebenskraft wird im Solarplexuschakra geboren. Diese Kraftkette, Kraft der innere Sonne energetisiert die solarplexus Chakra. Du f\u00fchlst deine eigene Kraft. Meine Kraftketten sind handgefertigte Unikate mit viel Liebe gestaltet und mit Energien aufgeladen. Die Symbole so wie die Bilder empfange ich w\u00e4hrend dem malen. Meine Kraftketten gestalte ich aus [&hellip;]<\/p>\n","protected":false},"author":3,"featured_media":1610,"comment_status":"closed","ping_status":"open","sticky":false,"template":"","format":"standard","meta":{"_et_pb_use_builder":"","_et_pb_old_content":"","_et_gb_content_width":""},"categories":[1,14],"tags":[],"_links":{"self":[{"href":"https:\/\/fabijennas-seeleninsel.de\/wordpress\/wp-json\/wp\/v2\/posts\/1609"}],"collection":[{"href":"https:\/\/fabijennas-seeleninsel.de\/wordpress\/wp-json\/wp\/v2\/posts"}],"about":[{"href":"https:\/\/fabijennas-seeleninsel.de\/wordpress\/wp-json\/wp\/v2\/types\/post"}],"author":[{"embeddable":true,"href":"https:\/\/fabijennas-seeleninsel.de\/wordpress\/wp-json\/wp\/v2\/users\/3"}],"replies":[{"embeddable":true,"href":"https:\/\/fabijennas-seeleninsel.de\/wordpress\/wp-json\/wp\/v2\/comments?post=1609"}],"version-history":[{"count":1,"href":"https:\/\/fabijennas-seeleninsel.de\/wordpress\/wp-json\/wp\/v2\/posts\/1609\/revisions"}],"predecessor-version":[{"id":1612,"href":"https:\/\/fabijennas-seeleninsel.de\/wordpress\/wp-json\/wp\/v2\/posts\/1609\/revisions\/1612"}],"wp:featuredmedia":[{"embeddable":true,"href":"https:\/\/fabijennas-seeleninsel.de\/wordpress\/wp-json\/wp\/v2\/media\/1610"}],"wp:attachment":[{"href":"https:\/\/fabijennas-seeleninsel.de\/wordpress\/wp-json\/wp\/v2\/media?parent=1609"}],"wp:term":[{"taxonomy":"category","embeddable":true,"href":"https:\/\/fabijennas-seeleninsel.de\/wordpress\/wp-json\/wp\/v2\/categories?post=1609"},{"taxonomy":"post_tag","embeddable":true,"href":"https:\/\/fabijennas-seeleninsel.de\/wordpress\/wp-json\/wp\/v2\/tags?post=1609"}],"curies":[{"name":"wp","href":"https:\/\/api.w.org\/{rel}","templated":true}]}}