{"id":1614,"date":"2015-09-01T08:12:34","date_gmt":"2015-09-01T06:12:34","guid":{"rendered":"http:\/\/fabijennas-seeleninsel.de\/wordpress\/?p=1614"},"modified":"2015-09-01T08:12:34","modified_gmt":"2015-09-01T06:12:34","slug":"seelenstein-seelenfluesterer","status":"publish","type":"post","link":"https:\/\/fabijennas-seeleninsel.de\/wordpress\/seelenstein-seelenfluesterer\/","title":{"rendered":"Seelenstein-Seelenfl\u00fcsterer"},"content":{"rendered":"<p>Seelenstein<br \/>\n&#8230;&#8230;. und gerade jetzt, jetzt in diesem Moment ist die Erkenntnis so pr\u00e4sent.<br \/>\nDurch mich und durch mein Herz fliesst das Licht der sanften M\u00f6ndin.<br \/>\nIch f\u00fchle mich so nah dem Universum als ob ich schweben w\u00fcrde. . Ich sp\u00fcre die Kraft und denn Mut der durch mich flie\u00dft.<br \/>\nIch sp\u00fcre die Tiefe Reinigung und lasse alles los was gehen m\u00f6chte. Ich f\u00fchle mich als ob mir die Fl\u00fcgel gewachsen sind. Ich bejahe meinen n\u00e4chsten Schritt. Dorthin wo ich hingehe gehe ich mit Vertrauen und voller Liebe in meinem Herzen.<br \/>\nDieser Seelenstein habe ich gemalt w\u00e4hren Vollmond und er ist mit Vollmond Energie aufgeladen, mit schamanischer R\u00e4ucherung ger\u00e4uchert.<br \/>\nSeelenstein Gr\u00f6\u00dfe : 15cmx9cm<\/p>\n<p>Energieausgleich: 70 Euro<br \/>\nMit Liebe und himmlischer F\u00fchrung gemalt und geschrieben.<br \/>\nWenn dich dieser Seelenstein ruft schreibe mir eine Nachricht \u00fcber mein email. nicole.rosenauer@gmx.de<\/p>\n<p>&nbsp;<\/p>\n<p><a href=\"http:\/\/fabijennas-seeleninsel.de\/wordpress\/wp-content\/uploads\/2015\/09\/11986592_896508317094803_2950926120265468294_n.jpg\"><img loading=\"lazy\" class=\"alignnone size-medium wp-image-1615\" src=\"http:\/\/fabijennas-seeleninsel.de\/wordpress\/wp-content\/uploads\/2015\/09\/11986592_896508317094803_2950926120265468294_n-480x480.jpg\" alt=\"11986592_896508317094803_2950926120265468294_n\" width=\"480\" height=\"480\" srcset=\"https:\/\/fabijennas-seeleninsel.de\/wordpress\/wp-content\/uploads\/2015\/09\/11986592_896508317094803_2950926120265468294_n-480x480.jpg 480w, https:\/\/fabijennas-seeleninsel.de\/wordpress\/wp-content\/uploads\/2015\/09\/11986592_896508317094803_2950926120265468294_n-300x300.jpg 300w, https:\/\/fabijennas-seeleninsel.de\/wordpress\/wp-content\/uploads\/2015\/09\/11986592_896508317094803_2950926120265468294_n-240x240.jpg 240w, https:\/\/fabijennas-seeleninsel.de\/wordpress\/wp-content\/uploads\/2015\/09\/11986592_896508317094803_2950926120265468294_n-96x96.jpg 96w, https:\/\/fabijennas-seeleninsel.de\/wordpress\/wp-content\/uploads\/2015\/09\/11986592_896508317094803_2950926120265468294_n-121x121.jpg 121w, https:\/\/fabijennas-seeleninsel.de\/wordpress\/wp-content\/uploads\/2015\/09\/11986592_896508317094803_2950926120265468294_n-60x60.jpg 60w, https:\/\/fabijennas-seeleninsel.de\/wordpress\/wp-content\/uploads\/2015\/09\/11986592_896508317094803_2950926120265468294_n-184x184.jpg 184w, https:\/\/fabijennas-seeleninsel.de\/wordpress\/wp-content\/uploads\/2015\/09\/11986592_896508317094803_2950926120265468294_n-800x800.jpg 800w, https:\/\/fabijennas-seeleninsel.de\/wordpress\/wp-content\/uploads\/2015\/09\/11986592_896508317094803_2950926120265468294_n.jpg 960w\" sizes=\"(max-width: 480px) 100vw, 480px\" \/><\/a><\/p>\n","protected":false},"excerpt":{"rendered":"<p>Seelenstein &#8230;&#8230;. und gerade jetzt, jetzt in diesem Moment ist die Erkenntnis so pr\u00e4sent. Durch mich und durch mein Herz fliesst das Licht der sanften M\u00f6ndin. Ich f\u00fchle mich so nah dem Universum als ob ich schweben w\u00fcrde. . Ich sp\u00fcre die Kraft und denn Mut der durch mich flie\u00dft. Ich sp\u00fcre die Tiefe Reinigung [&hellip;]<\/p>\n","protected":false},"author":3,"featured_media":1615,"comment_status":"closed","ping_status":"open","sticky":false,"template":"","format":"standard","meta":{"_et_pb_use_builder":"","_et_pb_old_content":"","_et_gb_content_width":""},"categories":[14],"tags":[],"_links":{"self":[{"href":"https:\/\/fabijennas-seeleninsel.de\/wordpress\/wp-json\/wp\/v2\/posts\/1614"}],"collection":[{"href":"https:\/\/fabijennas-seeleninsel.de\/wordpress\/wp-json\/wp\/v2\/posts"}],"about":[{"href":"https:\/\/fabijennas-seeleninsel.de\/wordpress\/wp-json\/wp\/v2\/types\/post"}],"author":[{"embeddable":true,"href":"https:\/\/fabijennas-seeleninsel.de\/wordpress\/wp-json\/wp\/v2\/users\/3"}],"replies":[{"embeddable":true,"href":"https:\/\/fabijennas-seeleninsel.de\/wordpress\/wp-json\/wp\/v2\/comments?post=1614"}],"version-history":[{"count":1,"href":"https:\/\/fabijennas-seeleninsel.de\/wordpress\/wp-json\/wp\/v2\/posts\/1614\/revisions"}],"predecessor-version":[{"id":1616,"href":"https:\/\/fabijennas-seeleninsel.de\/wordpress\/wp-json\/wp\/v2\/posts\/1614\/revisions\/1616"}],"wp:featuredmedia":[{"embeddable":true,"href":"https:\/\/fabijennas-seeleninsel.de\/wordpress\/wp-json\/wp\/v2\/media\/1615"}],"wp:attachment":[{"href":"https:\/\/fabijennas-seeleninsel.de\/wordpress\/wp-json\/wp\/v2\/media?parent=1614"}],"wp:term":[{"taxonomy":"category","embeddable":true,"href":"https:\/\/fabijennas-seeleninsel.de\/wordpress\/wp-json\/wp\/v2\/categories?post=1614"},{"taxonomy":"post_tag","embeddable":true,"href":"https:\/\/fabijennas-seeleninsel.de\/wordpress\/wp-json\/wp\/v2\/tags?post=1614"}],"curies":[{"name":"wp","href":"https:\/\/api.w.org\/{rel}","templated":true}]}}