{"id":1620,"date":"2015-09-01T08:18:24","date_gmt":"2015-09-01T06:18:24","guid":{"rendered":"http:\/\/fabijennas-seeleninsel.de\/wordpress\/?p=1620"},"modified":"2015-09-01T08:18:24","modified_gmt":"2015-09-01T06:18:24","slug":"kraftkettelebensfluss","status":"publish","type":"post","link":"https:\/\/fabijennas-seeleninsel.de\/wordpress\/kraftkettelebensfluss\/","title":{"rendered":"Kraftkette:Lebensfluss"},"content":{"rendered":"<p>EnergieKraftkette: Lebensfluss<\/p>\n<p>Meine Kraftketten sind handgefertigte Unikate mit viel Liebe gestaltet und<br \/>\nmit Energien aufgeladen. Die Symbole so wie die Bilder empfange ich w\u00e4hrend dem malen. Meine Kraftketten gestalte ich aus Flusssteine und verschiedenen Perlen.<br \/>\nDer bemalte Kraftanh\u00e4nger ist von mir durchgebohrt und auf einer Baumwollkordel aufgeh\u00e4ngt.<br \/>\nDie Steinanh\u00e4nger sind mit Acrylfarben bemalt und mit einem wasserfesten Lack versiegelt.<br \/>\nAlle meine Ketten sind mit einer schamanischer R\u00e4ucherung ger\u00e4uchert.<\/p>\n<p>Gr\u00f6\u00dfe Durchmesser: 6,5 cm<\/p>\n<p>Bereits vergeben<br \/>\nWenn du Interesse hast kann ich auch deine pers\u00f6nliche Seelenkraftenergiekette anfertigen.<\/p>\n<p>&nbsp;<\/p>\n<p><a href=\"http:\/\/fabijennas-seeleninsel.de\/wordpress\/wp-content\/uploads\/2015\/09\/11921799_895088800570088_460912291322851672_n.jpg\"><img loading=\"lazy\" class=\"alignnone size-medium wp-image-1621\" src=\"http:\/\/fabijennas-seeleninsel.de\/wordpress\/wp-content\/uploads\/2015\/09\/11921799_895088800570088_460912291322851672_n-480x480.jpg\" alt=\"11921799_895088800570088_460912291322851672_n\" width=\"480\" height=\"480\" srcset=\"https:\/\/fabijennas-seeleninsel.de\/wordpress\/wp-content\/uploads\/2015\/09\/11921799_895088800570088_460912291322851672_n-480x480.jpg 480w, https:\/\/fabijennas-seeleninsel.de\/wordpress\/wp-content\/uploads\/2015\/09\/11921799_895088800570088_460912291322851672_n-300x300.jpg 300w, https:\/\/fabijennas-seeleninsel.de\/wordpress\/wp-content\/uploads\/2015\/09\/11921799_895088800570088_460912291322851672_n-240x240.jpg 240w, https:\/\/fabijennas-seeleninsel.de\/wordpress\/wp-content\/uploads\/2015\/09\/11921799_895088800570088_460912291322851672_n-96x96.jpg 96w, https:\/\/fabijennas-seeleninsel.de\/wordpress\/wp-content\/uploads\/2015\/09\/11921799_895088800570088_460912291322851672_n-121x121.jpg 121w, https:\/\/fabijennas-seeleninsel.de\/wordpress\/wp-content\/uploads\/2015\/09\/11921799_895088800570088_460912291322851672_n-60x60.jpg 60w, https:\/\/fabijennas-seeleninsel.de\/wordpress\/wp-content\/uploads\/2015\/09\/11921799_895088800570088_460912291322851672_n-184x184.jpg 184w, https:\/\/fabijennas-seeleninsel.de\/wordpress\/wp-content\/uploads\/2015\/09\/11921799_895088800570088_460912291322851672_n-800x800.jpg 800w, https:\/\/fabijennas-seeleninsel.de\/wordpress\/wp-content\/uploads\/2015\/09\/11921799_895088800570088_460912291322851672_n.jpg 960w\" sizes=\"(max-width: 480px) 100vw, 480px\" \/><\/a> <a href=\"http:\/\/fabijennas-seeleninsel.de\/wordpress\/wp-content\/uploads\/2015\/09\/11951136_895088807236754_7852386461354778586_n.jpg\"><img loading=\"lazy\" class=\"alignnone size-medium wp-image-1622\" src=\"http:\/\/fabijennas-seeleninsel.de\/wordpress\/wp-content\/uploads\/2015\/09\/11951136_895088807236754_7852386461354778586_n-480x480.jpg\" alt=\"11951136_895088807236754_7852386461354778586_n\" width=\"480\" height=\"480\" srcset=\"https:\/\/fabijennas-seeleninsel.de\/wordpress\/wp-content\/uploads\/2015\/09\/11951136_895088807236754_7852386461354778586_n-480x480.jpg 480w, https:\/\/fabijennas-seeleninsel.de\/wordpress\/wp-content\/uploads\/2015\/09\/11951136_895088807236754_7852386461354778586_n-300x300.jpg 300w, https:\/\/fabijennas-seeleninsel.de\/wordpress\/wp-content\/uploads\/2015\/09\/11951136_895088807236754_7852386461354778586_n-240x240.jpg 240w, https:\/\/fabijennas-seeleninsel.de\/wordpress\/wp-content\/uploads\/2015\/09\/11951136_895088807236754_7852386461354778586_n-96x96.jpg 96w, https:\/\/fabijennas-seeleninsel.de\/wordpress\/wp-content\/uploads\/2015\/09\/11951136_895088807236754_7852386461354778586_n-121x121.jpg 121w, https:\/\/fabijennas-seeleninsel.de\/wordpress\/wp-content\/uploads\/2015\/09\/11951136_895088807236754_7852386461354778586_n-60x60.jpg 60w, https:\/\/fabijennas-seeleninsel.de\/wordpress\/wp-content\/uploads\/2015\/09\/11951136_895088807236754_7852386461354778586_n-184x184.jpg 184w, https:\/\/fabijennas-seeleninsel.de\/wordpress\/wp-content\/uploads\/2015\/09\/11951136_895088807236754_7852386461354778586_n-800x800.jpg 800w, https:\/\/fabijennas-seeleninsel.de\/wordpress\/wp-content\/uploads\/2015\/09\/11951136_895088807236754_7852386461354778586_n.jpg 960w\" sizes=\"(max-width: 480px) 100vw, 480px\" \/><\/a><\/p>\n","protected":false},"excerpt":{"rendered":"<p>EnergieKraftkette: Lebensfluss Meine Kraftketten sind handgefertigte Unikate mit viel Liebe gestaltet und mit Energien aufgeladen. Die Symbole so wie die Bilder empfange ich w\u00e4hrend dem malen. Meine Kraftketten gestalte ich aus Flusssteine und verschiedenen Perlen. Der bemalte Kraftanh\u00e4nger ist von mir durchgebohrt und auf einer Baumwollkordel aufgeh\u00e4ngt. Die Steinanh\u00e4nger sind mit Acrylfarben bemalt und mit [&hellip;]<\/p>\n","protected":false},"author":3,"featured_media":1621,"comment_status":"closed","ping_status":"open","sticky":false,"template":"","format":"standard","meta":{"_et_pb_use_builder":"","_et_pb_old_content":"","_et_gb_content_width":""},"categories":[14],"tags":[],"_links":{"self":[{"href":"https:\/\/fabijennas-seeleninsel.de\/wordpress\/wp-json\/wp\/v2\/posts\/1620"}],"collection":[{"href":"https:\/\/fabijennas-seeleninsel.de\/wordpress\/wp-json\/wp\/v2\/posts"}],"about":[{"href":"https:\/\/fabijennas-seeleninsel.de\/wordpress\/wp-json\/wp\/v2\/types\/post"}],"author":[{"embeddable":true,"href":"https:\/\/fabijennas-seeleninsel.de\/wordpress\/wp-json\/wp\/v2\/users\/3"}],"replies":[{"embeddable":true,"href":"https:\/\/fabijennas-seeleninsel.de\/wordpress\/wp-json\/wp\/v2\/comments?post=1620"}],"version-history":[{"count":1,"href":"https:\/\/fabijennas-seeleninsel.de\/wordpress\/wp-json\/wp\/v2\/posts\/1620\/revisions"}],"predecessor-version":[{"id":1623,"href":"https:\/\/fabijennas-seeleninsel.de\/wordpress\/wp-json\/wp\/v2\/posts\/1620\/revisions\/1623"}],"wp:featuredmedia":[{"embeddable":true,"href":"https:\/\/fabijennas-seeleninsel.de\/wordpress\/wp-json\/wp\/v2\/media\/1621"}],"wp:attachment":[{"href":"https:\/\/fabijennas-seeleninsel.de\/wordpress\/wp-json\/wp\/v2\/media?parent=1620"}],"wp:term":[{"taxonomy":"category","embeddable":true,"href":"https:\/\/fabijennas-seeleninsel.de\/wordpress\/wp-json\/wp\/v2\/categories?post=1620"},{"taxonomy":"post_tag","embeddable":true,"href":"https:\/\/fabijennas-seeleninsel.de\/wordpress\/wp-json\/wp\/v2\/tags?post=1620"}],"curies":[{"name":"wp","href":"https:\/\/api.w.org\/{rel}","templated":true}]}}