{"id":1638,"date":"2015-09-07T11:23:03","date_gmt":"2015-09-07T09:23:03","guid":{"rendered":"http:\/\/fabijennas-seeleninsel.de\/wordpress\/?p=1638"},"modified":"2015-09-07T11:23:03","modified_gmt":"2015-09-07T09:23:03","slug":"waechterin-des-lichts","status":"publish","type":"post","link":"https:\/\/fabijennas-seeleninsel.de\/wordpress\/waechterin-des-lichts\/","title":{"rendered":"W\u00e4chterin des Lichts"},"content":{"rendered":"<p>ICH Bin die G\u00f6ttin,die W\u00e4chterin des Lichts.<br \/>\nAn meinem K\u00f6rpers schmiegt sich sanft das goldene Schwert des Lichts.<br \/>\nIn diesem Schwert liegt die Kraft und der Mut nach innen zu schauen.<br \/>\nIch gebe niemals auf und jeder R\u00fcckschlag gibt mir wieder eine neue Kraft weiter nach vorne zu gehen und aus dieser Situationen zu lernen.<br \/>\nIch spreche durch mein Herz und verbreite die Sprache der Liebe.<br \/>\nIch kann unterscheiden was aus dem Herzen und was aus dem Verstand kommt.<br \/>\nICH BIN die Lichtkriegerin die lebt hier und Jetzt. Ich schenke der Vergangenheit und der Zukunft keine Aufmerksamkeit.<br \/>\nGeerdet und mit dem Blick zum Sch\u00f6pfer vertraue ich darauf das mich die Liebe tr\u00e4gt. Ich vertraue vollkommen dem Fluss des Lebens.<br \/>\nIch lasse mich von meinem Herzen leiten und ich weis das in der Herzenskammer der Liebe die Wahrheit meines wahren ICH BINS liegt.<br \/>\nICH BIN die W\u00e4chterin des Lichts.<br \/>\nBildgr\u00f6sse: 70x50cm<\/p>\n<p>Mit Liebe und Himmlischer F\u00fchrung gemalt und geschrieben.<br \/>\nBild ist erh\u00e4ltlich.<\/p>\n<p>Material: Modeliermase, Perlen, Glasperlen, Glitzer, Strasssteine, Finischlack.<\/p>\n<p>Energieausgleich: 320 Euro<\/p>\n<p>&nbsp;<\/p>\n<p><a href=\"http:\/\/fabijennas-seeleninsel.de\/wordpress\/wp-content\/uploads\/2015\/09\/10353234_874571869288448_5230519181305718882_o.jpg\"><img loading=\"lazy\" class=\"alignnone size-medium wp-image-1639\" src=\"http:\/\/fabijennas-seeleninsel.de\/wordpress\/wp-content\/uploads\/2015\/09\/10353234_874571869288448_5230519181305718882_o-233x480.jpg\" alt=\"10353234_874571869288448_5230519181305718882_o\" width=\"233\" height=\"480\" data-wp-pid=\"1639\" srcset=\"https:\/\/fabijennas-seeleninsel.de\/wordpress\/wp-content\/uploads\/2015\/09\/10353234_874571869288448_5230519181305718882_o-233x480.jpg 233w, https:\/\/fabijennas-seeleninsel.de\/wordpress\/wp-content\/uploads\/2015\/09\/10353234_874571869288448_5230519181305718882_o-498x1024.jpg 498w, https:\/\/fabijennas-seeleninsel.de\/wordpress\/wp-content\/uploads\/2015\/09\/10353234_874571869288448_5230519181305718882_o-389x800.jpg 389w, https:\/\/fabijennas-seeleninsel.de\/wordpress\/wp-content\/uploads\/2015\/09\/10353234_874571869288448_5230519181305718882_o.jpg 639w\" sizes=\"(max-width: 233px) 100vw, 233px\" \/><\/a><\/p>\n","protected":false},"excerpt":{"rendered":"<p>ICH Bin die G\u00f6ttin,die W\u00e4chterin des Lichts. An meinem K\u00f6rpers schmiegt sich sanft das goldene Schwert des Lichts. In diesem Schwert liegt die Kraft und der Mut nach innen zu schauen. Ich gebe niemals auf und jeder R\u00fcckschlag gibt mir wieder eine neue Kraft weiter nach vorne zu gehen und aus dieser Situationen zu lernen. [&hellip;]<\/p>\n","protected":false},"author":3,"featured_media":1639,"comment_status":"closed","ping_status":"open","sticky":false,"template":"","format":"standard","meta":{"_et_pb_use_builder":"","_et_pb_old_content":"","_et_gb_content_width":""},"categories":[1,8],"tags":[],"_links":{"self":[{"href":"https:\/\/fabijennas-seeleninsel.de\/wordpress\/wp-json\/wp\/v2\/posts\/1638"}],"collection":[{"href":"https:\/\/fabijennas-seeleninsel.de\/wordpress\/wp-json\/wp\/v2\/posts"}],"about":[{"href":"https:\/\/fabijennas-seeleninsel.de\/wordpress\/wp-json\/wp\/v2\/types\/post"}],"author":[{"embeddable":true,"href":"https:\/\/fabijennas-seeleninsel.de\/wordpress\/wp-json\/wp\/v2\/users\/3"}],"replies":[{"embeddable":true,"href":"https:\/\/fabijennas-seeleninsel.de\/wordpress\/wp-json\/wp\/v2\/comments?post=1638"}],"version-history":[{"count":1,"href":"https:\/\/fabijennas-seeleninsel.de\/wordpress\/wp-json\/wp\/v2\/posts\/1638\/revisions"}],"predecessor-version":[{"id":1640,"href":"https:\/\/fabijennas-seeleninsel.de\/wordpress\/wp-json\/wp\/v2\/posts\/1638\/revisions\/1640"}],"wp:featuredmedia":[{"embeddable":true,"href":"https:\/\/fabijennas-seeleninsel.de\/wordpress\/wp-json\/wp\/v2\/media\/1639"}],"wp:attachment":[{"href":"https:\/\/fabijennas-seeleninsel.de\/wordpress\/wp-json\/wp\/v2\/media?parent=1638"}],"wp:term":[{"taxonomy":"category","embeddable":true,"href":"https:\/\/fabijennas-seeleninsel.de\/wordpress\/wp-json\/wp\/v2\/categories?post=1638"},{"taxonomy":"post_tag","embeddable":true,"href":"https:\/\/fabijennas-seeleninsel.de\/wordpress\/wp-json\/wp\/v2\/tags?post=1638"}],"curies":[{"name":"wp","href":"https:\/\/api.w.org\/{rel}","templated":true}]}}