{"id":1654,"date":"2015-09-27T19:11:29","date_gmt":"2015-09-27T17:11:29","guid":{"rendered":"http:\/\/fabijennas-seeleninsel.de\/wordpress\/?p=1654"},"modified":"2015-09-27T19:11:29","modified_gmt":"2015-09-27T17:11:29","slug":"delphin-der-heiler-der-tiefe","status":"publish","type":"post","link":"https:\/\/fabijennas-seeleninsel.de\/wordpress\/delphin-der-heiler-der-tiefe\/","title":{"rendered":"Delphin der Heiler der Tiefe"},"content":{"rendered":"<p>Kraf\/Heilkette: Delphin der Heiler der Tiefe.<br \/>\nIch ber\u00fchre dich mit meine sanfte liebevolle Energie.<br \/>\nIch bringe dir die Erinnerungen die bereits in dir existieren.<br \/>\nLasse dein Herz ber\u00fchren und sp\u00fcre die Liebe von diesen wundervollen Engel des Meeres.<br \/>\nMeine Kraftketten sind handgefertigte Unikate mit viel Liebe gestaltet und<br \/>\nmit Energien aufgeladen. Die Symbole so wie die Bilder empfange ich w\u00e4hrend dem malen. Meine Kraftketten gestalte ich aus Flusssteine und verschiedenen Perlen.<br \/>\nDer bemalte Kraftanh\u00e4nger ist von mir durchgebohrt und auf einer T\u00fcrkisen Kordel aufgeh\u00e4ngt. Die Kette enth\u00e4lt 2 Holzperlen 2 bemalte Glasperlen und ein Engelfl\u00fcgel Anh\u00e4nger.<br \/>\nDie Steinanh\u00e4nger sind mit Acrylfarben bemalt und mit einem wasserfesten Lack versiegelt.<br \/>\nAnh\u00e4ngergr\u00f6sse: 6x5cm<br \/>\nDer Kettenanh\u00e4nger ist von beiden Seiten bemalt ?<br \/>\nAlle meine Ketten sind mit einer schamanischer R\u00e4ucherung ger\u00e4uchert.<br \/>\nMit Liebe und Himmlischen F\u00fchrung gemalt und geschrieben<\/p>\n<p>Energieausgleich: 36 Euro<\/p>\n<p>&nbsp;<\/p>\n<p><a href=\"http:\/\/fabijennas-seeleninsel.de\/wordpress\/wp-content\/uploads\/2015\/09\/12049185_909182612494040_9023500645216655398_n.jpg\"><img loading=\"lazy\" class=\"alignnone size-medium wp-image-1655\" src=\"http:\/\/fabijennas-seeleninsel.de\/wordpress\/wp-content\/uploads\/2015\/09\/12049185_909182612494040_9023500645216655398_n-480x480.jpg\" alt=\"12049185_909182612494040_9023500645216655398_n\" width=\"480\" height=\"480\" data-wp-pid=\"1655\" srcset=\"https:\/\/fabijennas-seeleninsel.de\/wordpress\/wp-content\/uploads\/2015\/09\/12049185_909182612494040_9023500645216655398_n-480x480.jpg 480w, https:\/\/fabijennas-seeleninsel.de\/wordpress\/wp-content\/uploads\/2015\/09\/12049185_909182612494040_9023500645216655398_n-300x300.jpg 300w, https:\/\/fabijennas-seeleninsel.de\/wordpress\/wp-content\/uploads\/2015\/09\/12049185_909182612494040_9023500645216655398_n-240x240.jpg 240w, https:\/\/fabijennas-seeleninsel.de\/wordpress\/wp-content\/uploads\/2015\/09\/12049185_909182612494040_9023500645216655398_n-96x96.jpg 96w, https:\/\/fabijennas-seeleninsel.de\/wordpress\/wp-content\/uploads\/2015\/09\/12049185_909182612494040_9023500645216655398_n-121x121.jpg 121w, https:\/\/fabijennas-seeleninsel.de\/wordpress\/wp-content\/uploads\/2015\/09\/12049185_909182612494040_9023500645216655398_n-60x60.jpg 60w, https:\/\/fabijennas-seeleninsel.de\/wordpress\/wp-content\/uploads\/2015\/09\/12049185_909182612494040_9023500645216655398_n-184x184.jpg 184w, https:\/\/fabijennas-seeleninsel.de\/wordpress\/wp-content\/uploads\/2015\/09\/12049185_909182612494040_9023500645216655398_n-800x800.jpg 800w, https:\/\/fabijennas-seeleninsel.de\/wordpress\/wp-content\/uploads\/2015\/09\/12049185_909182612494040_9023500645216655398_n.jpg 960w\" sizes=\"(max-width: 480px) 100vw, 480px\" \/><\/a> <a href=\"http:\/\/fabijennas-seeleninsel.de\/wordpress\/wp-content\/uploads\/2015\/09\/11062867_909182632494038_7083871895388440648_n.jpg\"><img loading=\"lazy\" class=\"alignnone size-medium wp-image-1656\" src=\"http:\/\/fabijennas-seeleninsel.de\/wordpress\/wp-content\/uploads\/2015\/09\/11062867_909182632494038_7083871895388440648_n-480x480.jpg\" alt=\"11062867_909182632494038_7083871895388440648_n\" width=\"480\" height=\"480\" data-wp-pid=\"1656\" srcset=\"https:\/\/fabijennas-seeleninsel.de\/wordpress\/wp-content\/uploads\/2015\/09\/11062867_909182632494038_7083871895388440648_n-480x480.jpg 480w, https:\/\/fabijennas-seeleninsel.de\/wordpress\/wp-content\/uploads\/2015\/09\/11062867_909182632494038_7083871895388440648_n-300x300.jpg 300w, https:\/\/fabijennas-seeleninsel.de\/wordpress\/wp-content\/uploads\/2015\/09\/11062867_909182632494038_7083871895388440648_n-240x240.jpg 240w, https:\/\/fabijennas-seeleninsel.de\/wordpress\/wp-content\/uploads\/2015\/09\/11062867_909182632494038_7083871895388440648_n-96x96.jpg 96w, https:\/\/fabijennas-seeleninsel.de\/wordpress\/wp-content\/uploads\/2015\/09\/11062867_909182632494038_7083871895388440648_n-121x121.jpg 121w, https:\/\/fabijennas-seeleninsel.de\/wordpress\/wp-content\/uploads\/2015\/09\/11062867_909182632494038_7083871895388440648_n-60x60.jpg 60w, https:\/\/fabijennas-seeleninsel.de\/wordpress\/wp-content\/uploads\/2015\/09\/11062867_909182632494038_7083871895388440648_n-184x184.jpg 184w, https:\/\/fabijennas-seeleninsel.de\/wordpress\/wp-content\/uploads\/2015\/09\/11062867_909182632494038_7083871895388440648_n-800x800.jpg 800w, https:\/\/fabijennas-seeleninsel.de\/wordpress\/wp-content\/uploads\/2015\/09\/11062867_909182632494038_7083871895388440648_n.jpg 960w\" sizes=\"(max-width: 480px) 100vw, 480px\" \/><\/a><\/p>\n","protected":false},"excerpt":{"rendered":"<p>Kraf\/Heilkette: Delphin der Heiler der Tiefe. Ich ber\u00fchre dich mit meine sanfte liebevolle Energie. Ich bringe dir die Erinnerungen die bereits in dir existieren. Lasse dein Herz ber\u00fchren und sp\u00fcre die Liebe von diesen wundervollen Engel des Meeres. Meine Kraftketten sind handgefertigte Unikate mit viel Liebe gestaltet und mit Energien aufgeladen. Die Symbole so wie [&hellip;]<\/p>\n","protected":false},"author":3,"featured_media":1655,"comment_status":"closed","ping_status":"open","sticky":false,"template":"","format":"standard","meta":{"_et_pb_use_builder":"","_et_pb_old_content":"","_et_gb_content_width":""},"categories":[14],"tags":[],"_links":{"self":[{"href":"https:\/\/fabijennas-seeleninsel.de\/wordpress\/wp-json\/wp\/v2\/posts\/1654"}],"collection":[{"href":"https:\/\/fabijennas-seeleninsel.de\/wordpress\/wp-json\/wp\/v2\/posts"}],"about":[{"href":"https:\/\/fabijennas-seeleninsel.de\/wordpress\/wp-json\/wp\/v2\/types\/post"}],"author":[{"embeddable":true,"href":"https:\/\/fabijennas-seeleninsel.de\/wordpress\/wp-json\/wp\/v2\/users\/3"}],"replies":[{"embeddable":true,"href":"https:\/\/fabijennas-seeleninsel.de\/wordpress\/wp-json\/wp\/v2\/comments?post=1654"}],"version-history":[{"count":1,"href":"https:\/\/fabijennas-seeleninsel.de\/wordpress\/wp-json\/wp\/v2\/posts\/1654\/revisions"}],"predecessor-version":[{"id":1657,"href":"https:\/\/fabijennas-seeleninsel.de\/wordpress\/wp-json\/wp\/v2\/posts\/1654\/revisions\/1657"}],"wp:featuredmedia":[{"embeddable":true,"href":"https:\/\/fabijennas-seeleninsel.de\/wordpress\/wp-json\/wp\/v2\/media\/1655"}],"wp:attachment":[{"href":"https:\/\/fabijennas-seeleninsel.de\/wordpress\/wp-json\/wp\/v2\/media?parent=1654"}],"wp:term":[{"taxonomy":"category","embeddable":true,"href":"https:\/\/fabijennas-seeleninsel.de\/wordpress\/wp-json\/wp\/v2\/categories?post=1654"},{"taxonomy":"post_tag","embeddable":true,"href":"https:\/\/fabijennas-seeleninsel.de\/wordpress\/wp-json\/wp\/v2\/tags?post=1654"}],"curies":[{"name":"wp","href":"https:\/\/api.w.org\/{rel}","templated":true}]}}