{"id":1699,"date":"2015-10-15T09:34:08","date_gmt":"2015-10-15T07:34:08","guid":{"rendered":"http:\/\/fabijennas-seeleninsel.de\/wordpress\/?p=1699"},"modified":"2015-10-15T09:34:08","modified_gmt":"2015-10-15T07:34:08","slug":"kraftkette-selbstreue","status":"publish","type":"post","link":"https:\/\/fabijennas-seeleninsel.de\/wordpress\/kraftkette-selbstreue\/","title":{"rendered":"Kraftkette: Selbstreue"},"content":{"rendered":"<p>Kraftkette:Selbsttreue<br \/>\nIch bin mir selbst treu und h\u00f6re auf mein Herz.<br \/>\nIch dehne mein Herz immer weiter aus und sp\u00fcre meine Lebensfreude. ???<br \/>\nDer Kraftanh\u00e4nger wirkt wunderbar auf die Herz-Chakra.<br \/>\nMeine Kraftketten sind handgefertigte Unikate mit viel Liebe gestaltet und<br \/>\nmit Energien aufgeladen. Die Symbole so wie die Bilder empfange ich w\u00e4hrend dem malen. Meine Kraftketten gestalte ich aus Flusssteine und verschiedenen Perlen.<br \/>\nDer bemalte Kraftanh\u00e4nger ist von mir durchgebohrt und auf einer wei\u00dfen Kordel aufgeh\u00e4ngt. Die Kette enth\u00e4lt : 1 Holzperle, 4 Kunststoff Perlen und 1 Herzanh\u00e4nger. Der Steinanh\u00e4nger ist mit Acrylfarben bemalt und mit einem wasserfesten Lack versiegelt.<br \/>\nKettenanh\u00e4nger Gr\u00f6\u00dfe; 6&#215;4,5cm<br \/>\nAlle meine Ketten sind mit einer schamanischen R\u00e4ucherung ger\u00e4uchert.<br \/>\nMit Liebe und Himmlischer F\u00fchrung gemalt und geschrieben<\/p>\n<p>Ist bereits vergeben<\/p>\n<p>&nbsp;<\/p>\n<p><a href=\"http:\/\/fabijennas-seeleninsel.de\/wordpress\/wp-content\/uploads\/2015\/10\/12105889_913196408759327_8515081004017438264_n.jpg\"><img loading=\"lazy\" class=\"alignnone size-medium wp-image-1700\" src=\"http:\/\/fabijennas-seeleninsel.de\/wordpress\/wp-content\/uploads\/2015\/10\/12105889_913196408759327_8515081004017438264_n-480x480.jpg\" alt=\"12105889_913196408759327_8515081004017438264_n\" width=\"480\" height=\"480\" data-wp-pid=\"1700\" srcset=\"https:\/\/fabijennas-seeleninsel.de\/wordpress\/wp-content\/uploads\/2015\/10\/12105889_913196408759327_8515081004017438264_n-480x480.jpg 480w, https:\/\/fabijennas-seeleninsel.de\/wordpress\/wp-content\/uploads\/2015\/10\/12105889_913196408759327_8515081004017438264_n-300x300.jpg 300w, https:\/\/fabijennas-seeleninsel.de\/wordpress\/wp-content\/uploads\/2015\/10\/12105889_913196408759327_8515081004017438264_n-240x240.jpg 240w, https:\/\/fabijennas-seeleninsel.de\/wordpress\/wp-content\/uploads\/2015\/10\/12105889_913196408759327_8515081004017438264_n-96x96.jpg 96w, https:\/\/fabijennas-seeleninsel.de\/wordpress\/wp-content\/uploads\/2015\/10\/12105889_913196408759327_8515081004017438264_n-121x121.jpg 121w, https:\/\/fabijennas-seeleninsel.de\/wordpress\/wp-content\/uploads\/2015\/10\/12105889_913196408759327_8515081004017438264_n-60x60.jpg 60w, https:\/\/fabijennas-seeleninsel.de\/wordpress\/wp-content\/uploads\/2015\/10\/12105889_913196408759327_8515081004017438264_n-184x184.jpg 184w, https:\/\/fabijennas-seeleninsel.de\/wordpress\/wp-content\/uploads\/2015\/10\/12105889_913196408759327_8515081004017438264_n-800x800.jpg 800w, https:\/\/fabijennas-seeleninsel.de\/wordpress\/wp-content\/uploads\/2015\/10\/12105889_913196408759327_8515081004017438264_n.jpg 960w\" sizes=\"(max-width: 480px) 100vw, 480px\" \/><\/a><\/p>\n","protected":false},"excerpt":{"rendered":"<p>Kraftkette:Selbsttreue Ich bin mir selbst treu und h\u00f6re auf mein Herz. Ich dehne mein Herz immer weiter aus und sp\u00fcre meine Lebensfreude. ??? Der Kraftanh\u00e4nger wirkt wunderbar auf die Herz-Chakra. Meine Kraftketten sind handgefertigte Unikate mit viel Liebe gestaltet und mit Energien aufgeladen. Die Symbole so wie die Bilder empfange ich w\u00e4hrend dem malen. Meine [&hellip;]<\/p>\n","protected":false},"author":3,"featured_media":1700,"comment_status":"closed","ping_status":"open","sticky":false,"template":"","format":"standard","meta":{"_et_pb_use_builder":"","_et_pb_old_content":"","_et_gb_content_width":""},"categories":[14],"tags":[],"_links":{"self":[{"href":"https:\/\/fabijennas-seeleninsel.de\/wordpress\/wp-json\/wp\/v2\/posts\/1699"}],"collection":[{"href":"https:\/\/fabijennas-seeleninsel.de\/wordpress\/wp-json\/wp\/v2\/posts"}],"about":[{"href":"https:\/\/fabijennas-seeleninsel.de\/wordpress\/wp-json\/wp\/v2\/types\/post"}],"author":[{"embeddable":true,"href":"https:\/\/fabijennas-seeleninsel.de\/wordpress\/wp-json\/wp\/v2\/users\/3"}],"replies":[{"embeddable":true,"href":"https:\/\/fabijennas-seeleninsel.de\/wordpress\/wp-json\/wp\/v2\/comments?post=1699"}],"version-history":[{"count":1,"href":"https:\/\/fabijennas-seeleninsel.de\/wordpress\/wp-json\/wp\/v2\/posts\/1699\/revisions"}],"predecessor-version":[{"id":1701,"href":"https:\/\/fabijennas-seeleninsel.de\/wordpress\/wp-json\/wp\/v2\/posts\/1699\/revisions\/1701"}],"wp:featuredmedia":[{"embeddable":true,"href":"https:\/\/fabijennas-seeleninsel.de\/wordpress\/wp-json\/wp\/v2\/media\/1700"}],"wp:attachment":[{"href":"https:\/\/fabijennas-seeleninsel.de\/wordpress\/wp-json\/wp\/v2\/media?parent=1699"}],"wp:term":[{"taxonomy":"category","embeddable":true,"href":"https:\/\/fabijennas-seeleninsel.de\/wordpress\/wp-json\/wp\/v2\/categories?post=1699"},{"taxonomy":"post_tag","embeddable":true,"href":"https:\/\/fabijennas-seeleninsel.de\/wordpress\/wp-json\/wp\/v2\/tags?post=1699"}],"curies":[{"name":"wp","href":"https:\/\/api.w.org\/{rel}","templated":true}]}}