{"id":1718,"date":"2015-10-19T12:14:37","date_gmt":"2015-10-19T10:14:37","guid":{"rendered":"http:\/\/fabijennas-seeleninsel.de\/wordpress\/?p=1718"},"modified":"2015-10-19T12:14:37","modified_gmt":"2015-10-19T10:14:37","slug":"kraftheilmandala-kommunikation","status":"publish","type":"post","link":"https:\/\/fabijennas-seeleninsel.de\/wordpress\/kraftheilmandala-kommunikation\/","title":{"rendered":"Kraft\/Heilmandala: Kommunikation"},"content":{"rendered":"<p>Kraft\/Heilmandala: Kommunikation ???<br \/>\nIch kann meine Gef\u00fchle klar,deutlich und frei ausdr\u00fccken.<br \/>\nIch lasse die Kommunikation aus meinem Herzen flie\u00dfen.<br \/>\nMandalastein ist erh\u00e4ltlich<br \/>\nMit Liebe und himmlische F\u00fchrung gemalt und geschrieben<br \/>\nSteingr\u00f6\u00dfe: 14 cm<\/p>\n<p>Energieausgleich: 65 Euro+Versand<\/p>\n<p>&nbsp;<\/p>\n<p><a href=\"http:\/\/fabijennas-seeleninsel.de\/wordpress\/wp-content\/uploads\/2015\/10\/12166042_1186725068008274_1076281285_n.jpg\"><img loading=\"lazy\" class=\"alignnone size-medium wp-image-1719\" src=\"http:\/\/fabijennas-seeleninsel.de\/wordpress\/wp-content\/uploads\/2015\/10\/12166042_1186725068008274_1076281285_n-480x480.jpg\" alt=\"12166042_1186725068008274_1076281285_n\" width=\"480\" height=\"480\" data-wp-pid=\"1719\" srcset=\"https:\/\/fabijennas-seeleninsel.de\/wordpress\/wp-content\/uploads\/2015\/10\/12166042_1186725068008274_1076281285_n-480x480.jpg 480w, https:\/\/fabijennas-seeleninsel.de\/wordpress\/wp-content\/uploads\/2015\/10\/12166042_1186725068008274_1076281285_n-300x300.jpg 300w, https:\/\/fabijennas-seeleninsel.de\/wordpress\/wp-content\/uploads\/2015\/10\/12166042_1186725068008274_1076281285_n-240x240.jpg 240w, https:\/\/fabijennas-seeleninsel.de\/wordpress\/wp-content\/uploads\/2015\/10\/12166042_1186725068008274_1076281285_n-96x96.jpg 96w, https:\/\/fabijennas-seeleninsel.de\/wordpress\/wp-content\/uploads\/2015\/10\/12166042_1186725068008274_1076281285_n-121x121.jpg 121w, https:\/\/fabijennas-seeleninsel.de\/wordpress\/wp-content\/uploads\/2015\/10\/12166042_1186725068008274_1076281285_n-60x60.jpg 60w, https:\/\/fabijennas-seeleninsel.de\/wordpress\/wp-content\/uploads\/2015\/10\/12166042_1186725068008274_1076281285_n-184x184.jpg 184w, https:\/\/fabijennas-seeleninsel.de\/wordpress\/wp-content\/uploads\/2015\/10\/12166042_1186725068008274_1076281285_n-800x800.jpg 800w, https:\/\/fabijennas-seeleninsel.de\/wordpress\/wp-content\/uploads\/2015\/10\/12166042_1186725068008274_1076281285_n.jpg 960w\" sizes=\"(max-width: 480px) 100vw, 480px\" \/><\/a><\/p>\n","protected":false},"excerpt":{"rendered":"<p>Kraft\/Heilmandala: Kommunikation ??? Ich kann meine Gef\u00fchle klar,deutlich und frei ausdr\u00fccken. Ich lasse die Kommunikation aus meinem Herzen flie\u00dfen. Mandalastein ist erh\u00e4ltlich Mit Liebe und himmlische F\u00fchrung gemalt und geschrieben Steingr\u00f6\u00dfe: 14 cm Energieausgleich: 65 Euro+Versand &nbsp;<\/p>\n","protected":false},"author":3,"featured_media":1719,"comment_status":"closed","ping_status":"open","sticky":false,"template":"","format":"standard","meta":{"_et_pb_use_builder":"","_et_pb_old_content":"","_et_gb_content_width":""},"categories":[14],"tags":[],"_links":{"self":[{"href":"https:\/\/fabijennas-seeleninsel.de\/wordpress\/wp-json\/wp\/v2\/posts\/1718"}],"collection":[{"href":"https:\/\/fabijennas-seeleninsel.de\/wordpress\/wp-json\/wp\/v2\/posts"}],"about":[{"href":"https:\/\/fabijennas-seeleninsel.de\/wordpress\/wp-json\/wp\/v2\/types\/post"}],"author":[{"embeddable":true,"href":"https:\/\/fabijennas-seeleninsel.de\/wordpress\/wp-json\/wp\/v2\/users\/3"}],"replies":[{"embeddable":true,"href":"https:\/\/fabijennas-seeleninsel.de\/wordpress\/wp-json\/wp\/v2\/comments?post=1718"}],"version-history":[{"count":1,"href":"https:\/\/fabijennas-seeleninsel.de\/wordpress\/wp-json\/wp\/v2\/posts\/1718\/revisions"}],"predecessor-version":[{"id":1720,"href":"https:\/\/fabijennas-seeleninsel.de\/wordpress\/wp-json\/wp\/v2\/posts\/1718\/revisions\/1720"}],"wp:featuredmedia":[{"embeddable":true,"href":"https:\/\/fabijennas-seeleninsel.de\/wordpress\/wp-json\/wp\/v2\/media\/1719"}],"wp:attachment":[{"href":"https:\/\/fabijennas-seeleninsel.de\/wordpress\/wp-json\/wp\/v2\/media?parent=1718"}],"wp:term":[{"taxonomy":"category","embeddable":true,"href":"https:\/\/fabijennas-seeleninsel.de\/wordpress\/wp-json\/wp\/v2\/categories?post=1718"},{"taxonomy":"post_tag","embeddable":true,"href":"https:\/\/fabijennas-seeleninsel.de\/wordpress\/wp-json\/wp\/v2\/tags?post=1718"}],"curies":[{"name":"wp","href":"https:\/\/api.w.org\/{rel}","templated":true}]}}