{"id":1756,"date":"2015-10-31T15:17:09","date_gmt":"2015-10-31T13:17:09","guid":{"rendered":"http:\/\/fabijennas-seeleninsel.de\/wordpress\/?p=1756"},"modified":"2015-10-31T15:17:09","modified_gmt":"2015-10-31T13:17:09","slug":"elfe-belimone","status":"publish","type":"post","link":"https:\/\/fabijennas-seeleninsel.de\/wordpress\/elfe-belimone\/","title":{"rendered":"Elfe Belimone"},"content":{"rendered":"<p>Energiestein: Elfe Belimone ???<br \/>\nMein Name ist Belimone und ich genie\u00dfe mein Leben.<br \/>\nIch habe Freude und Spa\u00df an allem was ich tue und ich liebe es Menschen das Lachen ins Gesicht zu zaubern.<br \/>\nWenn du traurig bist und die Tr\u00e4nen \u00fcber dein Gesicht kugeln,wirst du sp\u00fcren das ich bei dir bin.<br \/>\nEs reicht nur meinen Namen zu sagen und ich weiss was zu tun ist.<br \/>\n&#8230;&#8230;.. und vielleicht in einer kurzen Zeit k\u00f6nnen sich deine Mundwinkel ver\u00e4ndern und du entdeckst ein kleines schmunzeln an deinen Lippen.<br \/>\nRufe mich zu dir und ich werde dein t\u00e4glicher Begleiter sein .<br \/>\nDie Belimone ist auch ein guter Begleiter f\u00fcr Kinder ??\u2764<\/p>\n<p>Mit liebe und Unterst\u00fctzung geistiger Welt gemalt und geschrieben<\/p>\n<p>Energieausgleich: 40 Euro+Versand<\/p>\n<p>&nbsp;<\/p>\n<p><a href=\"http:\/\/fabijennas-seeleninsel.de\/wordpress\/wp-content\/uploads\/2015\/10\/12088240_922667057812262_3923817770725326455_n.jpg\"><img loading=\"lazy\" class=\"alignnone size-medium wp-image-1757\" src=\"http:\/\/fabijennas-seeleninsel.de\/wordpress\/wp-content\/uploads\/2015\/10\/12088240_922667057812262_3923817770725326455_n-640x480.jpg\" alt=\"12088240_922667057812262_3923817770725326455_n\" width=\"640\" height=\"480\" data-wp-pid=\"1757\" srcset=\"https:\/\/fabijennas-seeleninsel.de\/wordpress\/wp-content\/uploads\/2015\/10\/12088240_922667057812262_3923817770725326455_n-640x480.jpg 640w, https:\/\/fabijennas-seeleninsel.de\/wordpress\/wp-content\/uploads\/2015\/10\/12088240_922667057812262_3923817770725326455_n-800x600.jpg 800w, https:\/\/fabijennas-seeleninsel.de\/wordpress\/wp-content\/uploads\/2015\/10\/12088240_922667057812262_3923817770725326455_n.jpg 960w\" sizes=\"(max-width: 640px) 100vw, 640px\" \/><\/a><\/p>\n","protected":false},"excerpt":{"rendered":"<p>Energiestein: Elfe Belimone ??? Mein Name ist Belimone und ich genie\u00dfe mein Leben. Ich habe Freude und Spa\u00df an allem was ich tue und ich liebe es Menschen das Lachen ins Gesicht zu zaubern. Wenn du traurig bist und die Tr\u00e4nen \u00fcber dein Gesicht kugeln,wirst du sp\u00fcren das ich bei dir bin. Es reicht nur [&hellip;]<\/p>\n","protected":false},"author":3,"featured_media":1757,"comment_status":"closed","ping_status":"open","sticky":false,"template":"","format":"standard","meta":{"_et_pb_use_builder":"","_et_pb_old_content":"","_et_gb_content_width":""},"categories":[14],"tags":[],"_links":{"self":[{"href":"https:\/\/fabijennas-seeleninsel.de\/wordpress\/wp-json\/wp\/v2\/posts\/1756"}],"collection":[{"href":"https:\/\/fabijennas-seeleninsel.de\/wordpress\/wp-json\/wp\/v2\/posts"}],"about":[{"href":"https:\/\/fabijennas-seeleninsel.de\/wordpress\/wp-json\/wp\/v2\/types\/post"}],"author":[{"embeddable":true,"href":"https:\/\/fabijennas-seeleninsel.de\/wordpress\/wp-json\/wp\/v2\/users\/3"}],"replies":[{"embeddable":true,"href":"https:\/\/fabijennas-seeleninsel.de\/wordpress\/wp-json\/wp\/v2\/comments?post=1756"}],"version-history":[{"count":1,"href":"https:\/\/fabijennas-seeleninsel.de\/wordpress\/wp-json\/wp\/v2\/posts\/1756\/revisions"}],"predecessor-version":[{"id":1758,"href":"https:\/\/fabijennas-seeleninsel.de\/wordpress\/wp-json\/wp\/v2\/posts\/1756\/revisions\/1758"}],"wp:featuredmedia":[{"embeddable":true,"href":"https:\/\/fabijennas-seeleninsel.de\/wordpress\/wp-json\/wp\/v2\/media\/1757"}],"wp:attachment":[{"href":"https:\/\/fabijennas-seeleninsel.de\/wordpress\/wp-json\/wp\/v2\/media?parent=1756"}],"wp:term":[{"taxonomy":"category","embeddable":true,"href":"https:\/\/fabijennas-seeleninsel.de\/wordpress\/wp-json\/wp\/v2\/categories?post=1756"},{"taxonomy":"post_tag","embeddable":true,"href":"https:\/\/fabijennas-seeleninsel.de\/wordpress\/wp-json\/wp\/v2\/tags?post=1756"}],"curies":[{"name":"wp","href":"https:\/\/api.w.org\/{rel}","templated":true}]}}