{"id":1759,"date":"2015-10-31T15:23:17","date_gmt":"2015-10-31T13:23:17","guid":{"rendered":"http:\/\/fabijennas-seeleninsel.de\/wordpress\/?p=1759"},"modified":"2016-05-17T22:07:50","modified_gmt":"2016-05-17T20:07:50","slug":"mandala-kommunikation","status":"publish","type":"post","link":"https:\/\/fabijennas-seeleninsel.de\/wordpress\/mandala-kommunikation\/","title":{"rendered":"Mandala: Kommunikation"},"content":{"rendered":"<p>Mandalastein: Kommunikation<br \/>\nIch bringe zum Ausdruck meine Gef\u00fchle, Gedanken und meine Kreativit\u00e4t.<br \/>\nIch bestimme selbst \u00fcber mich und f\u00fchle mich dabei wunderbar.<br \/>\n\u00dcber meinen Geist empfange ich Gedanken und Ideen die ich im vollen Vertrauen umsetzte. ???<br \/>\nDieser wundersch\u00f6ne Mandala wirkt auf die Halschakra.<br \/>\nMit liebe, himmlischer F\u00fchrung und Unterst\u00fctzung gemalt und geschrieben \u2764<br \/>\nDie Mandala ist mit Energien aufgeladen, mit positiven Affirmationen und Gebete besprochen und mit meiner selbsthergestellten schamanischen R\u00e4ucherung (aus meinem Garten und aus dem Wald) ger\u00e4uchert.<br \/>\nDie Mandala ist erh\u00e4ltlich \u2764??<br \/>\nWenn dich dieser wundervolle Kraftstein ruft schreibe mir eine Nachricht \u00fcber email<\/p>\n<p>&nbsp;<\/p>\n<p>Energieausgleich: 70 Euro<\/p>\n<p>&nbsp;<\/p>\n<p><a href=\"http:\/\/fabijennas-seeleninsel.de\/wordpress\/wp-content\/uploads\/2015\/10\/12189058_921657177913250_7578094955997170142_n.jpg\"><img loading=\"lazy\" class=\"alignnone size-medium wp-image-1760\" src=\"http:\/\/fabijennas-seeleninsel.de\/wordpress\/wp-content\/uploads\/2015\/10\/12189058_921657177913250_7578094955997170142_n-640x480.jpg\" alt=\"12189058_921657177913250_7578094955997170142_n\" width=\"640\" height=\"480\" data-wp-pid=\"1760\" srcset=\"https:\/\/fabijennas-seeleninsel.de\/wordpress\/wp-content\/uploads\/2015\/10\/12189058_921657177913250_7578094955997170142_n-640x480.jpg 640w, https:\/\/fabijennas-seeleninsel.de\/wordpress\/wp-content\/uploads\/2015\/10\/12189058_921657177913250_7578094955997170142_n-800x600.jpg 800w, https:\/\/fabijennas-seeleninsel.de\/wordpress\/wp-content\/uploads\/2015\/10\/12189058_921657177913250_7578094955997170142_n.jpg 960w\" sizes=\"(max-width: 640px) 100vw, 640px\" \/><\/a><\/p>\n","protected":false},"excerpt":{"rendered":"<p>Mandalastein: Kommunikation Ich bringe zum Ausdruck meine Gef\u00fchle, Gedanken und meine Kreativit\u00e4t. Ich bestimme selbst \u00fcber mich und f\u00fchle mich dabei wunderbar. \u00dcber meinen Geist empfange ich Gedanken und Ideen die ich im vollen Vertrauen umsetzte. ??? Dieser wundersch\u00f6ne Mandala wirkt auf die Halschakra. Mit liebe, himmlischer F\u00fchrung und Unterst\u00fctzung gemalt und geschrieben \u2764 Die [&hellip;]<\/p>\n","protected":false},"author":3,"featured_media":0,"comment_status":"closed","ping_status":"open","sticky":false,"template":"","format":"standard","meta":{"_et_pb_use_builder":"","_et_pb_old_content":"","_et_gb_content_width":""},"categories":[14],"tags":[],"_links":{"self":[{"href":"https:\/\/fabijennas-seeleninsel.de\/wordpress\/wp-json\/wp\/v2\/posts\/1759"}],"collection":[{"href":"https:\/\/fabijennas-seeleninsel.de\/wordpress\/wp-json\/wp\/v2\/posts"}],"about":[{"href":"https:\/\/fabijennas-seeleninsel.de\/wordpress\/wp-json\/wp\/v2\/types\/post"}],"author":[{"embeddable":true,"href":"https:\/\/fabijennas-seeleninsel.de\/wordpress\/wp-json\/wp\/v2\/users\/3"}],"replies":[{"embeddable":true,"href":"https:\/\/fabijennas-seeleninsel.de\/wordpress\/wp-json\/wp\/v2\/comments?post=1759"}],"version-history":[{"count":2,"href":"https:\/\/fabijennas-seeleninsel.de\/wordpress\/wp-json\/wp\/v2\/posts\/1759\/revisions"}],"predecessor-version":[{"id":2702,"href":"https:\/\/fabijennas-seeleninsel.de\/wordpress\/wp-json\/wp\/v2\/posts\/1759\/revisions\/2702"}],"wp:attachment":[{"href":"https:\/\/fabijennas-seeleninsel.de\/wordpress\/wp-json\/wp\/v2\/media?parent=1759"}],"wp:term":[{"taxonomy":"category","embeddable":true,"href":"https:\/\/fabijennas-seeleninsel.de\/wordpress\/wp-json\/wp\/v2\/categories?post=1759"},{"taxonomy":"post_tag","embeddable":true,"href":"https:\/\/fabijennas-seeleninsel.de\/wordpress\/wp-json\/wp\/v2\/tags?post=1759"}],"curies":[{"name":"wp","href":"https:\/\/api.w.org\/{rel}","templated":true}]}}