{"id":1956,"date":"2016-01-18T10:56:56","date_gmt":"2016-01-18T08:56:56","guid":{"rendered":"http:\/\/fabijennas-seeleninsel.de\/wordpress\/?p=1956"},"modified":"2016-03-25T19:22:30","modified_gmt":"2016-03-25T17:22:30","slug":"engel-der-wertvollen-perlen","status":"publish","type":"post","link":"https:\/\/fabijennas-seeleninsel.de\/wordpress\/engel-der-wertvollen-perlen\/","title":{"rendered":"Engel der wertvollen Perlen."},"content":{"rendered":"<p>Engel der wertvollen Perlen.<br \/>\nDu bist wie eine Perlenkette des Universum.<br \/>\nJede Perle die auf einer goldenen Schnur eingef\u00e4delt ist, hat eine Bedeutung. Jede Perle glitzert und strahlt in dem Universum Licht wie ein magischer Regenbogen.<br \/>\nIn jeder Perle ist dein Wissen und K\u00f6nnen eingebetet und beh\u00fctet von Engeln, die geduldig warten das du nach ihnen greifst. \u00d6ffne dich f\u00fcr den verborgenen Schatz in dir. \u00d6ffne dich so wie die Muschel sich \u00f6ffnet um ihren wertvollsten Schatz zu zeigen. \u00d6ffne dich und greife nach der Magie deiner Perlen. Du bist grenzenlos.<br \/>\nBild: 50cmx50cmx3,9cm<br \/>\nMit Liebe und himmlischer F\u00fchrung gemalt und geschrieben<\/p>\n<p>Bereits vergeben seine neue zu Hause ist in Frankreich<\/p>\n<p>&nbsp;<\/p>\n<p><a href=\"http:\/\/fabijennas-seeleninsel.de\/wordpress\/wp-content\/uploads\/2016\/01\/12540002_1240378575976256_248929490_n.jpg\"><img loading=\"lazy\" class=\"alignnone size-medium wp-image-1957\" src=\"http:\/\/fabijennas-seeleninsel.de\/wordpress\/wp-content\/uploads\/2016\/01\/12540002_1240378575976256_248929490_n-469x480.jpg\" alt=\"12540002_1240378575976256_248929490_n\" width=\"469\" height=\"480\" data-wp-pid=\"1957\" srcset=\"https:\/\/fabijennas-seeleninsel.de\/wordpress\/wp-content\/uploads\/2016\/01\/12540002_1240378575976256_248929490_n-469x480.jpg 469w, https:\/\/fabijennas-seeleninsel.de\/wordpress\/wp-content\/uploads\/2016\/01\/12540002_1240378575976256_248929490_n-60x60.jpg 60w, https:\/\/fabijennas-seeleninsel.de\/wordpress\/wp-content\/uploads\/2016\/01\/12540002_1240378575976256_248929490_n.jpg 703w\" sizes=\"(max-width: 469px) 100vw, 469px\" \/><\/a><\/p>\n","protected":false},"excerpt":{"rendered":"<p>Engel der wertvollen Perlen. Du bist wie eine Perlenkette des Universum. Jede Perle die auf einer goldenen Schnur eingef\u00e4delt ist, hat eine Bedeutung. Jede Perle glitzert und strahlt in dem Universum Licht wie ein magischer Regenbogen. In jeder Perle ist dein Wissen und K\u00f6nnen eingebetet und beh\u00fctet von Engeln, die geduldig warten das du nach [&hellip;]<\/p>\n","protected":false},"author":3,"featured_media":1957,"comment_status":"closed","ping_status":"open","sticky":false,"template":"","format":"standard","meta":{"_et_pb_use_builder":"","_et_pb_old_content":"","_et_gb_content_width":""},"categories":[1,8],"tags":[],"_links":{"self":[{"href":"https:\/\/fabijennas-seeleninsel.de\/wordpress\/wp-json\/wp\/v2\/posts\/1956"}],"collection":[{"href":"https:\/\/fabijennas-seeleninsel.de\/wordpress\/wp-json\/wp\/v2\/posts"}],"about":[{"href":"https:\/\/fabijennas-seeleninsel.de\/wordpress\/wp-json\/wp\/v2\/types\/post"}],"author":[{"embeddable":true,"href":"https:\/\/fabijennas-seeleninsel.de\/wordpress\/wp-json\/wp\/v2\/users\/3"}],"replies":[{"embeddable":true,"href":"https:\/\/fabijennas-seeleninsel.de\/wordpress\/wp-json\/wp\/v2\/comments?post=1956"}],"version-history":[{"count":2,"href":"https:\/\/fabijennas-seeleninsel.de\/wordpress\/wp-json\/wp\/v2\/posts\/1956\/revisions"}],"predecessor-version":[{"id":2275,"href":"https:\/\/fabijennas-seeleninsel.de\/wordpress\/wp-json\/wp\/v2\/posts\/1956\/revisions\/2275"}],"wp:featuredmedia":[{"embeddable":true,"href":"https:\/\/fabijennas-seeleninsel.de\/wordpress\/wp-json\/wp\/v2\/media\/1957"}],"wp:attachment":[{"href":"https:\/\/fabijennas-seeleninsel.de\/wordpress\/wp-json\/wp\/v2\/media?parent=1956"}],"wp:term":[{"taxonomy":"category","embeddable":true,"href":"https:\/\/fabijennas-seeleninsel.de\/wordpress\/wp-json\/wp\/v2\/categories?post=1956"},{"taxonomy":"post_tag","embeddable":true,"href":"https:\/\/fabijennas-seeleninsel.de\/wordpress\/wp-json\/wp\/v2\/tags?post=1956"}],"curies":[{"name":"wp","href":"https:\/\/api.w.org\/{rel}","templated":true}]}}