{"id":1963,"date":"2016-01-24T12:01:04","date_gmt":"2016-01-24T10:01:04","guid":{"rendered":"http:\/\/fabijennas-seeleninsel.de\/wordpress\/?p=1963"},"modified":"2016-12-14T09:45:30","modified_gmt":"2016-12-14T07:45:30","slug":"engel-der-transformation-2","status":"publish","type":"post","link":"https:\/\/fabijennas-seeleninsel.de\/wordpress\/engel-der-transformation-2\/","title":{"rendered":"Engel der Transformation"},"content":{"rendered":"<p>Engel der Transformation.<br \/>\nF\u00fchlst du dich in letzter Zeit traurig, w\u00fcttend und \u00e4ngstlich?<br \/>\nWir sind in der Zeit angekommen in der wir unsere \u00c4ngste,Trauer und Wut anschauen sollten. Wir werden so lange mit diesen Eigenschaften konfrontiert bis wir den Frieden mit uns schlie\u00dfen.<br \/>\nBeende die Gedanken gegen\u00fcber dir selbst und transformiere sie in eine violette Flamme. Das ist der Schl\u00fcssel zu deiner Gesundheit, Freude, Liebe und inneren Frieden.<br \/>\nDurch die Transformation kehrst du wieder zu deinem ICH BIN und zu dem was du wirklich bist zur\u00fcck.<br \/>\nGehe durch die Schleier der Ilusion und erkenne das du ein leuchtendes g\u00f6ttliches Wesen bist und das du nicht nur aus Fleisch und Blut bestehst. Erkenne das in deinem inneren das Licht der unendliche Liebe und Weite strahlt.<br \/>\nZeige dich so wie du bist und verstecke deine Talente und dein Potenzial nicht. Verstecke dich nicht hinter deiner Scham, denn es gibt nichts wof\u00fcr du dich sch\u00e4men sollst. Transformiere alles was dich bedr\u00fcckt, belastet und \u00e4ngstlich macht in die violette Flamme.<\/p>\n<p>Bildgr\u00f6\u00dfe:20x30cm<\/p>\n<p>Mit himmlischen F\u00fchrung gemalt und geschrieben<\/p>\n<p>Bereits vergeben<\/p>\n<p>&nbsp;<\/p>\n<p><a href=\"http:\/\/fabijennas-seeleninsel.de\/wordpress\/wp-content\/uploads\/2016\/01\/12583899_1244120812268699_1646283642_n.jpg\"><img loading=\"lazy\" class=\"alignnone size-medium wp-image-1964\" src=\"http:\/\/fabijennas-seeleninsel.de\/wordpress\/wp-content\/uploads\/2016\/01\/12583899_1244120812268699_1646283642_n-370x480.jpg\" alt=\"12583899_1244120812268699_1646283642_n\" width=\"370\" height=\"480\" data-wp-pid=\"1964\" srcset=\"https:\/\/fabijennas-seeleninsel.de\/wordpress\/wp-content\/uploads\/2016\/01\/12583899_1244120812268699_1646283642_n-370x480.jpg 370w, https:\/\/fabijennas-seeleninsel.de\/wordpress\/wp-content\/uploads\/2016\/01\/12583899_1244120812268699_1646283642_n-617x800.jpg 617w, https:\/\/fabijennas-seeleninsel.de\/wordpress\/wp-content\/uploads\/2016\/01\/12583899_1244120812268699_1646283642_n.jpg 740w\" sizes=\"(max-width: 370px) 100vw, 370px\" \/><\/a><\/p>\n","protected":false},"excerpt":{"rendered":"<p>Engel der Transformation. F\u00fchlst du dich in letzter Zeit traurig, w\u00fcttend und \u00e4ngstlich? Wir sind in der Zeit angekommen in der wir unsere \u00c4ngste,Trauer und Wut anschauen sollten. Wir werden so lange mit diesen Eigenschaften konfrontiert bis wir den Frieden mit uns schlie\u00dfen. Beende die Gedanken gegen\u00fcber dir selbst und transformiere sie in eine violette [&hellip;]<\/p>\n","protected":false},"author":3,"featured_media":1964,"comment_status":"closed","ping_status":"open","sticky":false,"template":"","format":"standard","meta":{"_et_pb_use_builder":"","_et_pb_old_content":"","_et_gb_content_width":""},"categories":[8],"tags":[],"_links":{"self":[{"href":"https:\/\/fabijennas-seeleninsel.de\/wordpress\/wp-json\/wp\/v2\/posts\/1963"}],"collection":[{"href":"https:\/\/fabijennas-seeleninsel.de\/wordpress\/wp-json\/wp\/v2\/posts"}],"about":[{"href":"https:\/\/fabijennas-seeleninsel.de\/wordpress\/wp-json\/wp\/v2\/types\/post"}],"author":[{"embeddable":true,"href":"https:\/\/fabijennas-seeleninsel.de\/wordpress\/wp-json\/wp\/v2\/users\/3"}],"replies":[{"embeddable":true,"href":"https:\/\/fabijennas-seeleninsel.de\/wordpress\/wp-json\/wp\/v2\/comments?post=1963"}],"version-history":[{"count":2,"href":"https:\/\/fabijennas-seeleninsel.de\/wordpress\/wp-json\/wp\/v2\/posts\/1963\/revisions"}],"predecessor-version":[{"id":3384,"href":"https:\/\/fabijennas-seeleninsel.de\/wordpress\/wp-json\/wp\/v2\/posts\/1963\/revisions\/3384"}],"wp:featuredmedia":[{"embeddable":true,"href":"https:\/\/fabijennas-seeleninsel.de\/wordpress\/wp-json\/wp\/v2\/media\/1964"}],"wp:attachment":[{"href":"https:\/\/fabijennas-seeleninsel.de\/wordpress\/wp-json\/wp\/v2\/media?parent=1963"}],"wp:term":[{"taxonomy":"category","embeddable":true,"href":"https:\/\/fabijennas-seeleninsel.de\/wordpress\/wp-json\/wp\/v2\/categories?post=1963"},{"taxonomy":"post_tag","embeddable":true,"href":"https:\/\/fabijennas-seeleninsel.de\/wordpress\/wp-json\/wp\/v2\/tags?post=1963"}],"curies":[{"name":"wp","href":"https:\/\/api.w.org\/{rel}","templated":true}]}}