{"id":1966,"date":"2016-01-24T12:04:14","date_gmt":"2016-01-24T10:04:14","guid":{"rendered":"http:\/\/fabijennas-seeleninsel.de\/wordpress\/?p=1966"},"modified":"2016-01-24T12:04:14","modified_gmt":"2016-01-24T10:04:14","slug":"engel-der-freude","status":"publish","type":"post","link":"https:\/\/fabijennas-seeleninsel.de\/wordpress\/engel-der-freude\/","title":{"rendered":"Engel der Freude"},"content":{"rendered":"<p>Engel der Freude<br \/>\nTanze, lache, singe und f\u00fclle dein Leben mit Freude.<br \/>\nUmarme dich und f\u00fchle wie dein Herz sich freut wenn du frei bist von allen Bewertungen,Schuldgef\u00fchle und Vorw\u00fcrfe gegen dich selbst. Du f\u00fchlst dich so frei und leicht als w\u00fcrdest du auf einer bunten wundervollen riechende Blumenwiese tanzen.<br \/>\nTanze dein Leben du wirst sehen wie viele Freude du daran hast.<br \/>\nMit himmlischen F\u00fchrung gemalt und geschrieben \u2764?<br \/>\nBildgr\u00f6sse: 20x30cm<br \/>\nWenn dich der Engel der Freude ruft schreibe mir ein Nachricht \u00fcber PN ?<br \/>\nIch werde mich sehr freuen wenn meine Bilder geteilt werden. Namaste ??\u2764<\/p>\n<p>&nbsp;<\/p>\n<p>Bereits vergeben<\/p>\n<p>&nbsp;<\/p>\n<p><a href=\"http:\/\/fabijennas-seeleninsel.de\/wordpress\/wp-content\/uploads\/2016\/01\/12552541_963534167058884_3346399711765574834_n.jpg\"><img loading=\"lazy\" class=\"alignnone size-medium wp-image-1967\" src=\"http:\/\/fabijennas-seeleninsel.de\/wordpress\/wp-content\/uploads\/2016\/01\/12552541_963534167058884_3346399711765574834_n-380x480.jpg\" alt=\"12552541_963534167058884_3346399711765574834_n\" width=\"380\" height=\"480\" data-wp-pid=\"1967\" srcset=\"https:\/\/fabijennas-seeleninsel.de\/wordpress\/wp-content\/uploads\/2016\/01\/12552541_963534167058884_3346399711765574834_n-380x480.jpg 380w, https:\/\/fabijennas-seeleninsel.de\/wordpress\/wp-content\/uploads\/2016\/01\/12552541_963534167058884_3346399711765574834_n-633x800.jpg 633w, https:\/\/fabijennas-seeleninsel.de\/wordpress\/wp-content\/uploads\/2016\/01\/12552541_963534167058884_3346399711765574834_n.jpg 760w\" sizes=\"(max-width: 380px) 100vw, 380px\" \/><\/a><\/p>\n","protected":false},"excerpt":{"rendered":"<p>Engel der Freude Tanze, lache, singe und f\u00fclle dein Leben mit Freude. Umarme dich und f\u00fchle wie dein Herz sich freut wenn du frei bist von allen Bewertungen,Schuldgef\u00fchle und Vorw\u00fcrfe gegen dich selbst. Du f\u00fchlst dich so frei und leicht als w\u00fcrdest du auf einer bunten wundervollen riechende Blumenwiese tanzen. Tanze dein Leben du wirst [&hellip;]<\/p>\n","protected":false},"author":3,"featured_media":1967,"comment_status":"closed","ping_status":"open","sticky":false,"template":"","format":"standard","meta":{"_et_pb_use_builder":"","_et_pb_old_content":"","_et_gb_content_width":""},"categories":[8],"tags":[],"_links":{"self":[{"href":"https:\/\/fabijennas-seeleninsel.de\/wordpress\/wp-json\/wp\/v2\/posts\/1966"}],"collection":[{"href":"https:\/\/fabijennas-seeleninsel.de\/wordpress\/wp-json\/wp\/v2\/posts"}],"about":[{"href":"https:\/\/fabijennas-seeleninsel.de\/wordpress\/wp-json\/wp\/v2\/types\/post"}],"author":[{"embeddable":true,"href":"https:\/\/fabijennas-seeleninsel.de\/wordpress\/wp-json\/wp\/v2\/users\/3"}],"replies":[{"embeddable":true,"href":"https:\/\/fabijennas-seeleninsel.de\/wordpress\/wp-json\/wp\/v2\/comments?post=1966"}],"version-history":[{"count":1,"href":"https:\/\/fabijennas-seeleninsel.de\/wordpress\/wp-json\/wp\/v2\/posts\/1966\/revisions"}],"predecessor-version":[{"id":1968,"href":"https:\/\/fabijennas-seeleninsel.de\/wordpress\/wp-json\/wp\/v2\/posts\/1966\/revisions\/1968"}],"wp:featuredmedia":[{"embeddable":true,"href":"https:\/\/fabijennas-seeleninsel.de\/wordpress\/wp-json\/wp\/v2\/media\/1967"}],"wp:attachment":[{"href":"https:\/\/fabijennas-seeleninsel.de\/wordpress\/wp-json\/wp\/v2\/media?parent=1966"}],"wp:term":[{"taxonomy":"category","embeddable":true,"href":"https:\/\/fabijennas-seeleninsel.de\/wordpress\/wp-json\/wp\/v2\/categories?post=1966"},{"taxonomy":"post_tag","embeddable":true,"href":"https:\/\/fabijennas-seeleninsel.de\/wordpress\/wp-json\/wp\/v2\/tags?post=1966"}],"curies":[{"name":"wp","href":"https:\/\/api.w.org\/{rel}","templated":true}]}}