{"id":1969,"date":"2016-01-25T13:49:36","date_gmt":"2016-01-25T11:49:36","guid":{"rendered":"http:\/\/fabijennas-seeleninsel.de\/wordpress\/?p=1969"},"modified":"2016-02-26T14:11:58","modified_gmt":"2016-02-26T12:11:58","slug":"schutzengel-fuer-die-hosentasche-2","status":"publish","type":"post","link":"https:\/\/fabijennas-seeleninsel.de\/wordpress\/schutzengel-fuer-die-hosentasche-2\/","title":{"rendered":"Schutzengel f\u00fcr die Hosentasche"},"content":{"rendered":"<p>Schutzengel f\u00fcr die Hosentasche<br \/>\nDiese wundersch\u00f6ne SchutzengelEngel kannst du \u00fcberall mitnehmen. Sie passen in jede Hosentasche und Handtasche.Du kannst auch dein Schutzengelstein auf Nachtk\u00e4stchen hinlegen oder ihm mit nehmen wohin du willst.<br \/>\nWir begleiten dich und passe auf dich auf \u201e<\/p>\n<p>Schutzengelsteingr\u00f6\u00dfe: 4-5cm<br \/>\nAlle Steine sind mehrfach mit Schutzlack \u00fcberlackiert.<br \/>\nSchutzengelSteine sind erh\u00e4ltlich und wenn dich ein Schutzengel anspricht schreibe mir einfach \u00fcber mein email.<br \/>\nMit liebe und geistiger F\u00fchrung gemalt.<br \/>\nDer Engelsteine ist liebevoll eingepackt.<br \/>\nAlle meine Energie-Heil und -Engelsteine sind mit Energie und Engelenergien aufgeladen so wie mit Gebete besprochen<\/p>\n<p>&nbsp;<\/p>\n<p>Bereits alle vergeben<\/p>\n<p>&nbsp;<\/p>\n<p><a href=\"http:\/\/fabijennas-seeleninsel.de\/wordpress\/wp-content\/uploads\/2016\/01\/12571435_1244773348870112_50077323_n.jpg\"><img loading=\"lazy\" class=\"alignnone size-medium wp-image-1970\" src=\"http:\/\/fabijennas-seeleninsel.de\/wordpress\/wp-content\/uploads\/2016\/01\/12571435_1244773348870112_50077323_n-640x480.jpg\" alt=\"12571435_1244773348870112_50077323_n\" width=\"640\" height=\"480\" data-wp-pid=\"1970\" srcset=\"https:\/\/fabijennas-seeleninsel.de\/wordpress\/wp-content\/uploads\/2016\/01\/12571435_1244773348870112_50077323_n-640x480.jpg 640w, https:\/\/fabijennas-seeleninsel.de\/wordpress\/wp-content\/uploads\/2016\/01\/12571435_1244773348870112_50077323_n-800x600.jpg 800w, https:\/\/fabijennas-seeleninsel.de\/wordpress\/wp-content\/uploads\/2016\/01\/12571435_1244773348870112_50077323_n.jpg 960w\" sizes=\"(max-width: 640px) 100vw, 640px\" \/><\/a><\/p>\n","protected":false},"excerpt":{"rendered":"<p>Schutzengel f\u00fcr die Hosentasche Diese wundersch\u00f6ne SchutzengelEngel kannst du \u00fcberall mitnehmen. Sie passen in jede Hosentasche und Handtasche.Du kannst auch dein Schutzengelstein auf Nachtk\u00e4stchen hinlegen oder ihm mit nehmen wohin du willst. Wir begleiten dich und passe auf dich auf \u201e Schutzengelsteingr\u00f6\u00dfe: 4-5cm Alle Steine sind mehrfach mit Schutzlack \u00fcberlackiert. SchutzengelSteine sind erh\u00e4ltlich und wenn [&hellip;]<\/p>\n","protected":false},"author":3,"featured_media":1970,"comment_status":"closed","ping_status":"open","sticky":false,"template":"","format":"standard","meta":{"_et_pb_use_builder":"","_et_pb_old_content":"","_et_gb_content_width":""},"categories":[1,14],"tags":[],"_links":{"self":[{"href":"https:\/\/fabijennas-seeleninsel.de\/wordpress\/wp-json\/wp\/v2\/posts\/1969"}],"collection":[{"href":"https:\/\/fabijennas-seeleninsel.de\/wordpress\/wp-json\/wp\/v2\/posts"}],"about":[{"href":"https:\/\/fabijennas-seeleninsel.de\/wordpress\/wp-json\/wp\/v2\/types\/post"}],"author":[{"embeddable":true,"href":"https:\/\/fabijennas-seeleninsel.de\/wordpress\/wp-json\/wp\/v2\/users\/3"}],"replies":[{"embeddable":true,"href":"https:\/\/fabijennas-seeleninsel.de\/wordpress\/wp-json\/wp\/v2\/comments?post=1969"}],"version-history":[{"count":2,"href":"https:\/\/fabijennas-seeleninsel.de\/wordpress\/wp-json\/wp\/v2\/posts\/1969\/revisions"}],"predecessor-version":[{"id":2044,"href":"https:\/\/fabijennas-seeleninsel.de\/wordpress\/wp-json\/wp\/v2\/posts\/1969\/revisions\/2044"}],"wp:featuredmedia":[{"embeddable":true,"href":"https:\/\/fabijennas-seeleninsel.de\/wordpress\/wp-json\/wp\/v2\/media\/1970"}],"wp:attachment":[{"href":"https:\/\/fabijennas-seeleninsel.de\/wordpress\/wp-json\/wp\/v2\/media?parent=1969"}],"wp:term":[{"taxonomy":"category","embeddable":true,"href":"https:\/\/fabijennas-seeleninsel.de\/wordpress\/wp-json\/wp\/v2\/categories?post=1969"},{"taxonomy":"post_tag","embeddable":true,"href":"https:\/\/fabijennas-seeleninsel.de\/wordpress\/wp-json\/wp\/v2\/tags?post=1969"}],"curies":[{"name":"wp","href":"https:\/\/api.w.org\/{rel}","templated":true}]}}