{"id":1986,"date":"2016-02-22T16:19:27","date_gmt":"2016-02-22T14:19:27","guid":{"rendered":"http:\/\/fabijennas-seeleninsel.de\/wordpress\/?p=1986"},"modified":"2016-02-22T16:19:27","modified_gmt":"2016-02-22T14:19:27","slug":"engel-der-lebendigkeit","status":"publish","type":"post","link":"https:\/\/fabijennas-seeleninsel.de\/wordpress\/engel-der-lebendigkeit\/","title":{"rendered":"Engel der Lebendigkeit"},"content":{"rendered":"<p>Engel der Lebendigkeit<br \/>\nJaaaa ich f\u00fchle es Energiewirbel in mir, Energiewirbel neben mir, Energiewirbel \u00fcber mir, Energiewirbel unter mir.<br \/>\nIch f\u00fchle mich lebendig wie der Wind. Er zieht mich ein in seinen Strudel und ber\u00fchrt jede Faser in meinem K\u00f6rper.<br \/>\nIch sp\u00fcre die Ber\u00fchrungen an meiner Haut und ich weis er steht da neben mir,der Engel der Lebendigkeit. Er nimmt mich an der Hand und sagt: komm ich zeige dir noch mehr von deiner Lebendigkeit.<br \/>\nAtme es ein und lasse dich tragen, lass es zu an allen Tagen. Wir verschmelzen in diesem Wirbelstrudel zu einer Einheit. Komm gib mir deine Hand wir begeben uns auf die Reise der Lebendigkeit<br \/>\nBildgr\u00f6sse:40x40cm<br \/>\nMit himmlischer F\u00fchrung gemalt und geschrieben<\/p>\n<p>&nbsp;<\/p>\n<p>Energieausgleich: 80 Euro<\/p>\n<p>&nbsp;<\/p>\n<p><a href=\"http:\/\/fabijennas-seeleninsel.de\/wordpress\/wp-content\/uploads\/2016\/02\/12675171_1256031017744345_839159503_o.jpg\"><img loading=\"lazy\" class=\"alignnone size-medium wp-image-1987\" src=\"http:\/\/fabijennas-seeleninsel.de\/wordpress\/wp-content\/uploads\/2016\/02\/12675171_1256031017744345_839159503_o-490x480.jpg\" alt=\"12675171_1256031017744345_839159503_o\" width=\"490\" height=\"480\" data-wp-pid=\"1987\" srcset=\"https:\/\/fabijennas-seeleninsel.de\/wordpress\/wp-content\/uploads\/2016\/02\/12675171_1256031017744345_839159503_o-490x480.jpg 490w, https:\/\/fabijennas-seeleninsel.de\/wordpress\/wp-content\/uploads\/2016\/02\/12675171_1256031017744345_839159503_o-1024x1002.jpg 1024w, https:\/\/fabijennas-seeleninsel.de\/wordpress\/wp-content\/uploads\/2016\/02\/12675171_1256031017744345_839159503_o-60x60.jpg 60w, https:\/\/fabijennas-seeleninsel.de\/wordpress\/wp-content\/uploads\/2016\/02\/12675171_1256031017744345_839159503_o-800x783.jpg 800w, https:\/\/fabijennas-seeleninsel.de\/wordpress\/wp-content\/uploads\/2016\/02\/12675171_1256031017744345_839159503_o.jpg 1136w\" sizes=\"(max-width: 490px) 100vw, 490px\" \/><\/a><\/p>\n","protected":false},"excerpt":{"rendered":"<p>Engel der Lebendigkeit Jaaaa ich f\u00fchle es Energiewirbel in mir, Energiewirbel neben mir, Energiewirbel \u00fcber mir, Energiewirbel unter mir. Ich f\u00fchle mich lebendig wie der Wind. Er zieht mich ein in seinen Strudel und ber\u00fchrt jede Faser in meinem K\u00f6rper. Ich sp\u00fcre die Ber\u00fchrungen an meiner Haut und ich weis er steht da neben mir,der [&hellip;]<\/p>\n","protected":false},"author":3,"featured_media":1987,"comment_status":"closed","ping_status":"open","sticky":false,"template":"","format":"standard","meta":{"_et_pb_use_builder":"","_et_pb_old_content":"","_et_gb_content_width":""},"categories":[8],"tags":[],"_links":{"self":[{"href":"https:\/\/fabijennas-seeleninsel.de\/wordpress\/wp-json\/wp\/v2\/posts\/1986"}],"collection":[{"href":"https:\/\/fabijennas-seeleninsel.de\/wordpress\/wp-json\/wp\/v2\/posts"}],"about":[{"href":"https:\/\/fabijennas-seeleninsel.de\/wordpress\/wp-json\/wp\/v2\/types\/post"}],"author":[{"embeddable":true,"href":"https:\/\/fabijennas-seeleninsel.de\/wordpress\/wp-json\/wp\/v2\/users\/3"}],"replies":[{"embeddable":true,"href":"https:\/\/fabijennas-seeleninsel.de\/wordpress\/wp-json\/wp\/v2\/comments?post=1986"}],"version-history":[{"count":1,"href":"https:\/\/fabijennas-seeleninsel.de\/wordpress\/wp-json\/wp\/v2\/posts\/1986\/revisions"}],"predecessor-version":[{"id":1988,"href":"https:\/\/fabijennas-seeleninsel.de\/wordpress\/wp-json\/wp\/v2\/posts\/1986\/revisions\/1988"}],"wp:featuredmedia":[{"embeddable":true,"href":"https:\/\/fabijennas-seeleninsel.de\/wordpress\/wp-json\/wp\/v2\/media\/1987"}],"wp:attachment":[{"href":"https:\/\/fabijennas-seeleninsel.de\/wordpress\/wp-json\/wp\/v2\/media?parent=1986"}],"wp:term":[{"taxonomy":"category","embeddable":true,"href":"https:\/\/fabijennas-seeleninsel.de\/wordpress\/wp-json\/wp\/v2\/categories?post=1986"},{"taxonomy":"post_tag","embeddable":true,"href":"https:\/\/fabijennas-seeleninsel.de\/wordpress\/wp-json\/wp\/v2\/tags?post=1986"}],"curies":[{"name":"wp","href":"https:\/\/api.w.org\/{rel}","templated":true}]}}