{"id":1989,"date":"2016-02-22T16:21:51","date_gmt":"2016-02-22T14:21:51","guid":{"rendered":"http:\/\/fabijennas-seeleninsel.de\/wordpress\/?p=1989"},"modified":"2016-02-23T19:36:20","modified_gmt":"2016-02-23T17:36:20","slug":"engel-der-fuelle","status":"publish","type":"post","link":"https:\/\/fabijennas-seeleninsel.de\/wordpress\/engel-der-fuelle\/","title":{"rendered":"Engel der F\u00fclle."},"content":{"rendered":"<p>Engel der F\u00fclle.<br \/>\n&#8230;&#8230;. und so stehe ich da, vor dem unendlichen Universum. \u00dcber eine Billiarde Sterne l\u00e4cheln mich an und die Kraft des Universum zieht mich an.<br \/>\nMein SeelenLicht dehnt sich aus und verbindet sich mit all diesen Sternen, Mond Planeten,Milchstra\u00dfe und Galaxien. Mit einem leuchtenden Schleier werde ich umh\u00fcllt und ich sp\u00fcre das ich nicht alleine bin.<br \/>\nIch f\u00fclle die Geborgenheit, Liebe und die F\u00fclle des Universums.<br \/>\nMein Seelenkleid glitzert in den reinsten sch\u00f6nsten Farben aus tausend Diamanten.<br \/>\nIch wei\u00df das ich es verdiene in F\u00fclle zu Leben.<br \/>\nIch wei\u00df das ich ein Teil des Universum bin.<br \/>\nBegleitet von Engel der F\u00fclle an meiner Seite Tag und Nacht, vertraue ich darauf das ich es verdient habe gl\u00fccklich zu sein.<br \/>\nIch \u00f6ffne meine Arme jetzt, und lasse das Reichtum meiner Seele jetzt manifestieren.<br \/>\nEngelbildgr\u00f6sse: 40cmx40cm<br \/>\nMit himmlischer F\u00fchrung unterst\u00fctzt, gemalt und geschrieben.<\/p>\n<p>Energieausgleich: 80 Euro<\/p>\n<p>nicole.rosenauer@gmx.de<\/p>\n<p><a href=\"http:\/\/fabijennas-seeleninsel.de\/wordpress\/wp-content\/uploads\/2016\/02\/12718264_973643926047908_5350990024501417798_n.jpg\"><img loading=\"lazy\" class=\"alignnone size-medium wp-image-1990\" src=\"http:\/\/fabijennas-seeleninsel.de\/wordpress\/wp-content\/uploads\/2016\/02\/12718264_973643926047908_5350990024501417798_n-485x480.jpg\" alt=\"12718264_973643926047908_5350990024501417798_n\" width=\"485\" height=\"480\" data-wp-pid=\"1990\" srcset=\"https:\/\/fabijennas-seeleninsel.de\/wordpress\/wp-content\/uploads\/2016\/02\/12718264_973643926047908_5350990024501417798_n-485x480.jpg 485w, https:\/\/fabijennas-seeleninsel.de\/wordpress\/wp-content\/uploads\/2016\/02\/12718264_973643926047908_5350990024501417798_n-96x96.jpg 96w, https:\/\/fabijennas-seeleninsel.de\/wordpress\/wp-content\/uploads\/2016\/02\/12718264_973643926047908_5350990024501417798_n-121x121.jpg 121w, https:\/\/fabijennas-seeleninsel.de\/wordpress\/wp-content\/uploads\/2016\/02\/12718264_973643926047908_5350990024501417798_n-60x60.jpg 60w, https:\/\/fabijennas-seeleninsel.de\/wordpress\/wp-content\/uploads\/2016\/02\/12718264_973643926047908_5350990024501417798_n.jpg 723w\" sizes=\"(max-width: 485px) 100vw, 485px\" \/><\/a><\/p>\n","protected":false},"excerpt":{"rendered":"<p>Engel der F\u00fclle. &#8230;&#8230;. und so stehe ich da, vor dem unendlichen Universum. \u00dcber eine Billiarde Sterne l\u00e4cheln mich an und die Kraft des Universum zieht mich an. Mein SeelenLicht dehnt sich aus und verbindet sich mit all diesen Sternen, Mond Planeten,Milchstra\u00dfe und Galaxien. Mit einem leuchtenden Schleier werde ich umh\u00fcllt und ich sp\u00fcre das [&hellip;]<\/p>\n","protected":false},"author":3,"featured_media":1990,"comment_status":"closed","ping_status":"open","sticky":false,"template":"","format":"standard","meta":{"_et_pb_use_builder":"","_et_pb_old_content":"","_et_gb_content_width":""},"categories":[8],"tags":[],"_links":{"self":[{"href":"https:\/\/fabijennas-seeleninsel.de\/wordpress\/wp-json\/wp\/v2\/posts\/1989"}],"collection":[{"href":"https:\/\/fabijennas-seeleninsel.de\/wordpress\/wp-json\/wp\/v2\/posts"}],"about":[{"href":"https:\/\/fabijennas-seeleninsel.de\/wordpress\/wp-json\/wp\/v2\/types\/post"}],"author":[{"embeddable":true,"href":"https:\/\/fabijennas-seeleninsel.de\/wordpress\/wp-json\/wp\/v2\/users\/3"}],"replies":[{"embeddable":true,"href":"https:\/\/fabijennas-seeleninsel.de\/wordpress\/wp-json\/wp\/v2\/comments?post=1989"}],"version-history":[{"count":2,"href":"https:\/\/fabijennas-seeleninsel.de\/wordpress\/wp-json\/wp\/v2\/posts\/1989\/revisions"}],"predecessor-version":[{"id":2022,"href":"https:\/\/fabijennas-seeleninsel.de\/wordpress\/wp-json\/wp\/v2\/posts\/1989\/revisions\/2022"}],"wp:featuredmedia":[{"embeddable":true,"href":"https:\/\/fabijennas-seeleninsel.de\/wordpress\/wp-json\/wp\/v2\/media\/1990"}],"wp:attachment":[{"href":"https:\/\/fabijennas-seeleninsel.de\/wordpress\/wp-json\/wp\/v2\/media?parent=1989"}],"wp:term":[{"taxonomy":"category","embeddable":true,"href":"https:\/\/fabijennas-seeleninsel.de\/wordpress\/wp-json\/wp\/v2\/categories?post=1989"},{"taxonomy":"post_tag","embeddable":true,"href":"https:\/\/fabijennas-seeleninsel.de\/wordpress\/wp-json\/wp\/v2\/tags?post=1989"}],"curies":[{"name":"wp","href":"https:\/\/api.w.org\/{rel}","templated":true}]}}