{"id":2049,"date":"2016-02-27T10:09:23","date_gmt":"2016-02-27T08:09:23","guid":{"rendered":"http:\/\/fabijennas-seeleninsel.de\/wordpress\/?p=2049"},"modified":"2016-03-20T16:27:34","modified_gmt":"2016-03-20T14:27:34","slug":"engel-des-lichts","status":"publish","type":"post","link":"https:\/\/fabijennas-seeleninsel.de\/wordpress\/engel-des-lichts\/","title":{"rendered":"Engel des Lichts"},"content":{"rendered":"<p>Engel des Lichts<br \/>\nIst es vielleicht um dich herum dunkel und du f\u00fchlst dich traurig und allein? Rufe mich du liebe Seele rufe mich zu dir, ich helfe dir dein inneres Licht zu entz\u00fcnden, damit du dich wieder kraftvoll f\u00fchlst.<br \/>\nIch nehme dich auf eine Reise ,die Reise zu deinem Licht. Ich zeige dir wie du strahlen kannst wenn du wieder im Ungleichgewicht bist.<br \/>\nWenn du wieder dein Licht sp\u00fcren kannst , kommst du wieder in Klarheit. Du wirst wissen welchen n\u00e4chsten Schritt f\u00fcr dich der richtige ist.<\/p>\n<p>Bildgr\u00f6sse:40x40cm<\/p>\n<p>Mit himmlischer F\u00fchrung gemalt und geschrieben<\/p>\n<p>nicole.rosenauer@gmx.de<\/p>\n<p>Bereits vergeben<\/p>\n<p>&nbsp;<\/p>\n<p><a href=\"http:\/\/fabijennas-seeleninsel.de\/wordpress\/wp-content\/uploads\/2016\/02\/12782280_1264679326879514_1961436115_n.jpg\"><img loading=\"lazy\" class=\"alignnone size-medium wp-image-2050\" src=\"http:\/\/fabijennas-seeleninsel.de\/wordpress\/wp-content\/uploads\/2016\/02\/12782280_1264679326879514_1961436115_n-470x480.jpg\" alt=\"12782280_1264679326879514_1961436115_n\" width=\"470\" height=\"480\" data-wp-pid=\"2050\" srcset=\"https:\/\/fabijennas-seeleninsel.de\/wordpress\/wp-content\/uploads\/2016\/02\/12782280_1264679326879514_1961436115_n-470x480.jpg 470w, https:\/\/fabijennas-seeleninsel.de\/wordpress\/wp-content\/uploads\/2016\/02\/12782280_1264679326879514_1961436115_n-60x60.jpg 60w, https:\/\/fabijennas-seeleninsel.de\/wordpress\/wp-content\/uploads\/2016\/02\/12782280_1264679326879514_1961436115_n-783x800.jpg 783w, https:\/\/fabijennas-seeleninsel.de\/wordpress\/wp-content\/uploads\/2016\/02\/12782280_1264679326879514_1961436115_n-800x817.jpg 800w, https:\/\/fabijennas-seeleninsel.de\/wordpress\/wp-content\/uploads\/2016\/02\/12782280_1264679326879514_1961436115_n.jpg 940w\" sizes=\"(max-width: 470px) 100vw, 470px\" \/><\/a><\/p>\n<p>&nbsp;<\/p>\n","protected":false},"excerpt":{"rendered":"<p>Engel des Lichts Ist es vielleicht um dich herum dunkel und du f\u00fchlst dich traurig und allein? Rufe mich du liebe Seele rufe mich zu dir, ich helfe dir dein inneres Licht zu entz\u00fcnden, damit du dich wieder kraftvoll f\u00fchlst. Ich nehme dich auf eine Reise ,die Reise zu deinem Licht. Ich zeige dir wie [&hellip;]<\/p>\n","protected":false},"author":3,"featured_media":2050,"comment_status":"closed","ping_status":"open","sticky":false,"template":"","format":"standard","meta":{"_et_pb_use_builder":"","_et_pb_old_content":"","_et_gb_content_width":""},"categories":[8],"tags":[],"_links":{"self":[{"href":"https:\/\/fabijennas-seeleninsel.de\/wordpress\/wp-json\/wp\/v2\/posts\/2049"}],"collection":[{"href":"https:\/\/fabijennas-seeleninsel.de\/wordpress\/wp-json\/wp\/v2\/posts"}],"about":[{"href":"https:\/\/fabijennas-seeleninsel.de\/wordpress\/wp-json\/wp\/v2\/types\/post"}],"author":[{"embeddable":true,"href":"https:\/\/fabijennas-seeleninsel.de\/wordpress\/wp-json\/wp\/v2\/users\/3"}],"replies":[{"embeddable":true,"href":"https:\/\/fabijennas-seeleninsel.de\/wordpress\/wp-json\/wp\/v2\/comments?post=2049"}],"version-history":[{"count":2,"href":"https:\/\/fabijennas-seeleninsel.de\/wordpress\/wp-json\/wp\/v2\/posts\/2049\/revisions"}],"predecessor-version":[{"id":2213,"href":"https:\/\/fabijennas-seeleninsel.de\/wordpress\/wp-json\/wp\/v2\/posts\/2049\/revisions\/2213"}],"wp:featuredmedia":[{"embeddable":true,"href":"https:\/\/fabijennas-seeleninsel.de\/wordpress\/wp-json\/wp\/v2\/media\/2050"}],"wp:attachment":[{"href":"https:\/\/fabijennas-seeleninsel.de\/wordpress\/wp-json\/wp\/v2\/media?parent=2049"}],"wp:term":[{"taxonomy":"category","embeddable":true,"href":"https:\/\/fabijennas-seeleninsel.de\/wordpress\/wp-json\/wp\/v2\/categories?post=2049"},{"taxonomy":"post_tag","embeddable":true,"href":"https:\/\/fabijennas-seeleninsel.de\/wordpress\/wp-json\/wp\/v2\/tags?post=2049"}],"curies":[{"name":"wp","href":"https:\/\/api.w.org\/{rel}","templated":true}]}}