{"id":2139,"date":"2016-03-08T13:39:11","date_gmt":"2016-03-08T11:39:11","guid":{"rendered":"http:\/\/fabijennas-seeleninsel.de\/wordpress\/?p=2139"},"modified":"2016-03-08T13:39:11","modified_gmt":"2016-03-08T11:39:11","slug":"auftragsarbeit","status":"publish","type":"post","link":"https:\/\/fabijennas-seeleninsel.de\/wordpress\/auftragsarbeit\/","title":{"rendered":"Auftragsarbeit"},"content":{"rendered":"<p>Ich d\u00fcrfte schon so viele Ketten-Auftr\u00e4gen anfertigen, daf\u00fcr bin ich sehr dankbar.<\/p>\n<p>Hier m\u00f6chte ich gerne zeigen eine Heil\/Energiekette von Erzengel Raphael<\/p>\n<p>&nbsp;<\/p>\n<p><a href=\"http:\/\/fabijennas-seeleninsel.de\/wordpress\/wp-content\/uploads\/2016\/03\/12795471_988408884571412_2795227768142846191_n.jpg\"><img loading=\"lazy\" class=\"alignnone size-medium wp-image-2140\" src=\"http:\/\/fabijennas-seeleninsel.de\/wordpress\/wp-content\/uploads\/2016\/03\/12795471_988408884571412_2795227768142846191_n-563x480.jpg\" alt=\"12795471_988408884571412_2795227768142846191_n\" width=\"563\" height=\"480\" data-wp-pid=\"2140\" srcset=\"https:\/\/fabijennas-seeleninsel.de\/wordpress\/wp-content\/uploads\/2016\/03\/12795471_988408884571412_2795227768142846191_n-563x480.jpg 563w, https:\/\/fabijennas-seeleninsel.de\/wordpress\/wp-content\/uploads\/2016\/03\/12795471_988408884571412_2795227768142846191_n-800x682.jpg 800w, https:\/\/fabijennas-seeleninsel.de\/wordpress\/wp-content\/uploads\/2016\/03\/12795471_988408884571412_2795227768142846191_n.jpg 960w\" sizes=\"(max-width: 563px) 100vw, 563px\" \/><\/a> <a href=\"http:\/\/fabijennas-seeleninsel.de\/wordpress\/wp-content\/uploads\/2016\/03\/12794543_988408891238078_7019092103003087156_n.jpg\"><img loading=\"lazy\" class=\"alignnone size-medium wp-image-2141\" src=\"http:\/\/fabijennas-seeleninsel.de\/wordpress\/wp-content\/uploads\/2016\/03\/12794543_988408891238078_7019092103003087156_n-539x480.jpg\" alt=\"12794543_988408891238078_7019092103003087156_n\" width=\"539\" height=\"480\" data-wp-pid=\"2141\" srcset=\"https:\/\/fabijennas-seeleninsel.de\/wordpress\/wp-content\/uploads\/2016\/03\/12794543_988408891238078_7019092103003087156_n-539x480.jpg 539w, https:\/\/fabijennas-seeleninsel.de\/wordpress\/wp-content\/uploads\/2016\/03\/12794543_988408891238078_7019092103003087156_n-800x713.jpg 800w, https:\/\/fabijennas-seeleninsel.de\/wordpress\/wp-content\/uploads\/2016\/03\/12794543_988408891238078_7019092103003087156_n.jpg 960w\" sizes=\"(max-width: 539px) 100vw, 539px\" \/><\/a><\/p>\n<p>&nbsp;<\/p>\n","protected":false},"excerpt":{"rendered":"<p>Ich d\u00fcrfte schon so viele Ketten-Auftr\u00e4gen anfertigen, daf\u00fcr bin ich sehr dankbar. Hier m\u00f6chte ich gerne zeigen eine Heil\/Energiekette von Erzengel Raphael &nbsp; &nbsp;<\/p>\n","protected":false},"author":3,"featured_media":2140,"comment_status":"closed","ping_status":"open","sticky":false,"template":"","format":"standard","meta":{"_et_pb_use_builder":"","_et_pb_old_content":"","_et_gb_content_width":""},"categories":[1,14],"tags":[],"_links":{"self":[{"href":"https:\/\/fabijennas-seeleninsel.de\/wordpress\/wp-json\/wp\/v2\/posts\/2139"}],"collection":[{"href":"https:\/\/fabijennas-seeleninsel.de\/wordpress\/wp-json\/wp\/v2\/posts"}],"about":[{"href":"https:\/\/fabijennas-seeleninsel.de\/wordpress\/wp-json\/wp\/v2\/types\/post"}],"author":[{"embeddable":true,"href":"https:\/\/fabijennas-seeleninsel.de\/wordpress\/wp-json\/wp\/v2\/users\/3"}],"replies":[{"embeddable":true,"href":"https:\/\/fabijennas-seeleninsel.de\/wordpress\/wp-json\/wp\/v2\/comments?post=2139"}],"version-history":[{"count":1,"href":"https:\/\/fabijennas-seeleninsel.de\/wordpress\/wp-json\/wp\/v2\/posts\/2139\/revisions"}],"predecessor-version":[{"id":2142,"href":"https:\/\/fabijennas-seeleninsel.de\/wordpress\/wp-json\/wp\/v2\/posts\/2139\/revisions\/2142"}],"wp:featuredmedia":[{"embeddable":true,"href":"https:\/\/fabijennas-seeleninsel.de\/wordpress\/wp-json\/wp\/v2\/media\/2140"}],"wp:attachment":[{"href":"https:\/\/fabijennas-seeleninsel.de\/wordpress\/wp-json\/wp\/v2\/media?parent=2139"}],"wp:term":[{"taxonomy":"category","embeddable":true,"href":"https:\/\/fabijennas-seeleninsel.de\/wordpress\/wp-json\/wp\/v2\/categories?post=2139"},{"taxonomy":"post_tag","embeddable":true,"href":"https:\/\/fabijennas-seeleninsel.de\/wordpress\/wp-json\/wp\/v2\/tags?post=2139"}],"curies":[{"name":"wp","href":"https:\/\/api.w.org\/{rel}","templated":true}]}}