{"id":2308,"date":"2016-03-26T21:02:28","date_gmt":"2016-03-26T19:02:28","guid":{"rendered":"http:\/\/fabijennas-seeleninsel.de\/wordpress\/?p=2308"},"modified":"2016-03-26T23:50:00","modified_gmt":"2016-03-26T21:50:00","slug":"engel-der-begleiter","status":"publish","type":"post","link":"https:\/\/fabijennas-seeleninsel.de\/wordpress\/engel-der-begleiter\/","title":{"rendered":"Engel der Begleiter"},"content":{"rendered":"<p><a href=\"http:\/\/fabijennas-seeleninsel.de\/wordpress\/wp-content\/uploads\/2016\/03\/12919231_1286817961332317_1315848906_n.jpg\"><img loading=\"lazy\" class=\"alignnone size-medium wp-image-2311\" src=\"http:\/\/fabijennas-seeleninsel.de\/wordpress\/wp-content\/uploads\/2016\/03\/12919231_1286817961332317_1315848906_n-354x480.jpg\" alt=\"12919231_1286817961332317_1315848906_n\" width=\"354\" height=\"480\" data-wp-pid=\"2311\" srcset=\"https:\/\/fabijennas-seeleninsel.de\/wordpress\/wp-content\/uploads\/2016\/03\/12919231_1286817961332317_1315848906_n-354x480.jpg 354w, https:\/\/fabijennas-seeleninsel.de\/wordpress\/wp-content\/uploads\/2016\/03\/12919231_1286817961332317_1315848906_n-589x800.jpg 589w, https:\/\/fabijennas-seeleninsel.de\/wordpress\/wp-content\/uploads\/2016\/03\/12919231_1286817961332317_1315848906_n.jpg 707w\" sizes=\"(max-width: 354px) 100vw, 354px\" \/><\/a><\/p>\n<p>&nbsp;<\/p>\n<p>Kraftkette: Engel der Begleiter<br \/>\nWenn du mich rufst bin ich f\u00fcr dich da.<br \/>\nWenn du Trauer sp\u00fcrst fl\u00fcstere ich dir sanfte,liebe W\u00f6rter ein.<br \/>\nWenn es in dir dunkel wird umh\u00fclle ich dich mit meinem hellen Licht.<br \/>\nWenn du nicht mehr weiter weist sende ich dir Zeichen die du leicht erkennen kannst.<br \/>\nWenn du weinst k\u00fcsse ich deine Stirn.<br \/>\nWenn du Zweifel an dir hast,f\u00fclle ich dein Herz mit Mut das tut deiner Seele gut.<br \/>\nWenn deine Schritte wieder schwer werden,hebe ich dich vom Boden ab und gebe dir Kraft und Leichtigkeit.<\/p>\n<p>Meine Engel Ketten sind handgefertigte Unikate mit viel Liebe gestaltet und<br \/>\nmit Engel Energie aufgeladen.<br \/>\nDie Symbole so wie die Bilder empfange ich w\u00e4hrend dem malen.<br \/>\nDer Anh\u00e4nger ist aus einer Birkenscheibe.<br \/>\nDie Kette enth\u00e4lt 4 Kunststoffperlen 1 Edelstein T\u00fcrkiesPerle und ein Engelfl\u00fcgel Anh\u00e4nger. Der Anh\u00e4nger ist mit Acryl Farben bemalt und mit einem wasserfesten Lack versiegelt.<\/p>\n<p>Anh\u00e4nger Gr\u00f6\u00dfe ca 12x4cm<\/p>\n<p>Alle meine Ketten sind mit einer schamanischen R\u00e4ucherung ger\u00e4uchert.<br \/>\nWenn dich der Engel der Begleiter ruf schreibe mir ein Nachricht auf meine email nicole.rosenauer@gmx.de<\/p>\n<p>Energieausgleich: 33 Euro<\/p>\n<p>&nbsp;<\/p>\n","protected":false},"excerpt":{"rendered":"<p>&nbsp; Kraftkette: Engel der Begleiter Wenn du mich rufst bin ich f\u00fcr dich da. Wenn du Trauer sp\u00fcrst fl\u00fcstere ich dir sanfte,liebe W\u00f6rter ein. Wenn es in dir dunkel wird umh\u00fclle ich dich mit meinem hellen Licht. Wenn du nicht mehr weiter weist sende ich dir Zeichen die du leicht erkennen kannst. Wenn du weinst [&hellip;]<\/p>\n","protected":false},"author":3,"featured_media":2311,"comment_status":"closed","ping_status":"open","sticky":false,"template":"","format":"standard","meta":{"_et_pb_use_builder":"","_et_pb_old_content":"","_et_gb_content_width":""},"categories":[1,8,14],"tags":[],"_links":{"self":[{"href":"https:\/\/fabijennas-seeleninsel.de\/wordpress\/wp-json\/wp\/v2\/posts\/2308"}],"collection":[{"href":"https:\/\/fabijennas-seeleninsel.de\/wordpress\/wp-json\/wp\/v2\/posts"}],"about":[{"href":"https:\/\/fabijennas-seeleninsel.de\/wordpress\/wp-json\/wp\/v2\/types\/post"}],"author":[{"embeddable":true,"href":"https:\/\/fabijennas-seeleninsel.de\/wordpress\/wp-json\/wp\/v2\/users\/3"}],"replies":[{"embeddable":true,"href":"https:\/\/fabijennas-seeleninsel.de\/wordpress\/wp-json\/wp\/v2\/comments?post=2308"}],"version-history":[{"count":3,"href":"https:\/\/fabijennas-seeleninsel.de\/wordpress\/wp-json\/wp\/v2\/posts\/2308\/revisions"}],"predecessor-version":[{"id":2313,"href":"https:\/\/fabijennas-seeleninsel.de\/wordpress\/wp-json\/wp\/v2\/posts\/2308\/revisions\/2313"}],"wp:featuredmedia":[{"embeddable":true,"href":"https:\/\/fabijennas-seeleninsel.de\/wordpress\/wp-json\/wp\/v2\/media\/2311"}],"wp:attachment":[{"href":"https:\/\/fabijennas-seeleninsel.de\/wordpress\/wp-json\/wp\/v2\/media?parent=2308"}],"wp:term":[{"taxonomy":"category","embeddable":true,"href":"https:\/\/fabijennas-seeleninsel.de\/wordpress\/wp-json\/wp\/v2\/categories?post=2308"},{"taxonomy":"post_tag","embeddable":true,"href":"https:\/\/fabijennas-seeleninsel.de\/wordpress\/wp-json\/wp\/v2\/tags?post=2308"}],"curies":[{"name":"wp","href":"https:\/\/api.w.org\/{rel}","templated":true}]}}