{"id":2439,"date":"2016-04-14T07:43:11","date_gmt":"2016-04-14T05:43:11","guid":{"rendered":"https:\/\/fabijennas-seeleninsel.de\/wordpress\/?p=2439"},"modified":"2016-04-14T07:43:11","modified_gmt":"2016-04-14T05:43:11","slug":"goettin-die-muse","status":"publish","type":"post","link":"https:\/\/fabijennas-seeleninsel.de\/wordpress\/goettin-die-muse\/","title":{"rendered":"G\u00f6ttin die Muse"},"content":{"rendered":"<p>Energie\/Kraftstein: G\u00f6ttin die Muse.??<br \/>\n&#8230;&#8230; und wenn dich die Muse k\u00fcsst, sp\u00fcrst du die Kraft und Vielf\u00e4ltigkeit die sich in dir ausdehnt. ??<br \/>\nEs ist wie eine Explosion der Vielfalt.?<br \/>\nDie Visionen wollen ausbrechen, dein Kopf f\u00fchlt sich leicht, keine schweren Gedanken belasten dich. ??<br \/>\nNur die Leichtigkeit des Seins, Kreativit\u00e4t und deine H\u00e4nde f\u00fchlen sich wie von zarten Schmetterlingen gek\u00fcsst.??<br \/>\nDie Muse f\u00fcllt Komplet deinen Geist und alle deine Zellen.?<br \/>\nDu schwebst als w\u00e4ren deine Schuhe aus feinsten Wolken gewesen.\u2601?<br \/>\n&#8230;&#8230;. und jetzt, jetzt ist die Zeit gekommen deine kreativen Visionen zu verwirklichen.<\/p>\n<p>Mit Liebe und F\u00fchrung gemalt und geschrieben<\/p>\n<p>Alle meine Energie\/Heil\/Kraft\/Seelensteine so wie Bilder und Ketten sind mit Energien aufgeladen ?\u2764<\/p>\n<p>&nbsp;<\/p>\n<p>Energieausgleich: 65 Euro<\/p>\n<p>&nbsp;<\/p>\n<p>&nbsp;<\/p>\n<p><a href=\"https:\/\/fabijennas-seeleninsel.de\/wordpress\/wp-content\/uploads\/2016\/04\/12998493_1017152975030336_4410228868608735619_n.jpg\"><img loading=\"lazy\" class=\"alignnone size-medium wp-image-2440\" src=\"https:\/\/fabijennas-seeleninsel.de\/wordpress\/wp-content\/uploads\/2016\/04\/12998493_1017152975030336_4410228868608735619_n-640x480.jpg\" alt=\"12998493_1017152975030336_4410228868608735619_n\" width=\"640\" height=\"480\" data-wp-pid=\"2440\" srcset=\"https:\/\/fabijennas-seeleninsel.de\/wordpress\/wp-content\/uploads\/2016\/04\/12998493_1017152975030336_4410228868608735619_n-640x480.jpg 640w, https:\/\/fabijennas-seeleninsel.de\/wordpress\/wp-content\/uploads\/2016\/04\/12998493_1017152975030336_4410228868608735619_n-800x600.jpg 800w, https:\/\/fabijennas-seeleninsel.de\/wordpress\/wp-content\/uploads\/2016\/04\/12998493_1017152975030336_4410228868608735619_n.jpg 960w\" sizes=\"(max-width: 640px) 100vw, 640px\" \/><\/a> <a href=\"https:\/\/fabijennas-seeleninsel.de\/wordpress\/wp-content\/uploads\/2016\/04\/13007170_1017152968363670_6758140784973548031_n.jpg\"><img loading=\"lazy\" class=\"alignnone size-medium wp-image-2441\" src=\"https:\/\/fabijennas-seeleninsel.de\/wordpress\/wp-content\/uploads\/2016\/04\/13007170_1017152968363670_6758140784973548031_n-640x480.jpg\" alt=\"13007170_1017152968363670_6758140784973548031_n\" width=\"640\" height=\"480\" data-wp-pid=\"2441\" srcset=\"https:\/\/fabijennas-seeleninsel.de\/wordpress\/wp-content\/uploads\/2016\/04\/13007170_1017152968363670_6758140784973548031_n-640x480.jpg 640w, https:\/\/fabijennas-seeleninsel.de\/wordpress\/wp-content\/uploads\/2016\/04\/13007170_1017152968363670_6758140784973548031_n-800x600.jpg 800w, https:\/\/fabijennas-seeleninsel.de\/wordpress\/wp-content\/uploads\/2016\/04\/13007170_1017152968363670_6758140784973548031_n.jpg 960w\" sizes=\"(max-width: 640px) 100vw, 640px\" \/><\/a><\/p>\n","protected":false},"excerpt":{"rendered":"<p>Energie\/Kraftstein: G\u00f6ttin die Muse.?? &#8230;&#8230; und wenn dich die Muse k\u00fcsst, sp\u00fcrst du die Kraft und Vielf\u00e4ltigkeit die sich in dir ausdehnt. ?? Es ist wie eine Explosion der Vielfalt.? Die Visionen wollen ausbrechen, dein Kopf f\u00fchlt sich leicht, keine schweren Gedanken belasten dich. ?? Nur die Leichtigkeit des Seins, Kreativit\u00e4t und deine H\u00e4nde f\u00fchlen [&hellip;]<\/p>\n","protected":false},"author":3,"featured_media":2440,"comment_status":"closed","ping_status":"open","sticky":false,"template":"","format":"standard","meta":{"_et_pb_use_builder":"","_et_pb_old_content":"","_et_gb_content_width":""},"categories":[14],"tags":[],"_links":{"self":[{"href":"https:\/\/fabijennas-seeleninsel.de\/wordpress\/wp-json\/wp\/v2\/posts\/2439"}],"collection":[{"href":"https:\/\/fabijennas-seeleninsel.de\/wordpress\/wp-json\/wp\/v2\/posts"}],"about":[{"href":"https:\/\/fabijennas-seeleninsel.de\/wordpress\/wp-json\/wp\/v2\/types\/post"}],"author":[{"embeddable":true,"href":"https:\/\/fabijennas-seeleninsel.de\/wordpress\/wp-json\/wp\/v2\/users\/3"}],"replies":[{"embeddable":true,"href":"https:\/\/fabijennas-seeleninsel.de\/wordpress\/wp-json\/wp\/v2\/comments?post=2439"}],"version-history":[{"count":1,"href":"https:\/\/fabijennas-seeleninsel.de\/wordpress\/wp-json\/wp\/v2\/posts\/2439\/revisions"}],"predecessor-version":[{"id":2442,"href":"https:\/\/fabijennas-seeleninsel.de\/wordpress\/wp-json\/wp\/v2\/posts\/2439\/revisions\/2442"}],"wp:featuredmedia":[{"embeddable":true,"href":"https:\/\/fabijennas-seeleninsel.de\/wordpress\/wp-json\/wp\/v2\/media\/2440"}],"wp:attachment":[{"href":"https:\/\/fabijennas-seeleninsel.de\/wordpress\/wp-json\/wp\/v2\/media?parent=2439"}],"wp:term":[{"taxonomy":"category","embeddable":true,"href":"https:\/\/fabijennas-seeleninsel.de\/wordpress\/wp-json\/wp\/v2\/categories?post=2439"},{"taxonomy":"post_tag","embeddable":true,"href":"https:\/\/fabijennas-seeleninsel.de\/wordpress\/wp-json\/wp\/v2\/tags?post=2439"}],"curies":[{"name":"wp","href":"https:\/\/api.w.org\/{rel}","templated":true}]}}