{"id":2573,"date":"2016-05-04T08:43:09","date_gmt":"2016-05-04T06:43:09","guid":{"rendered":"https:\/\/fabijennas-seeleninsel.de\/wordpress\/?p=2573"},"modified":"2016-05-04T08:43:09","modified_gmt":"2016-05-04T06:43:09","slug":"strom-des-lebens","status":"publish","type":"post","link":"https:\/\/fabijennas-seeleninsel.de\/wordpress\/strom-des-lebens\/","title":{"rendered":"Strom des Lebens"},"content":{"rendered":"<p>Kraftkette: Strom des Lebens<\/p>\n<p>Voller Liebe vertraue ich mich dem Strom des Lebens an.<br \/>\nMeine Kraftketten sind handgefertigte Unikate mit viel Liebe gestaltet und<br \/>\nmit Energien aufgeladen. Die Symbole so wie die Bilder empfange ich w\u00e4hrend dem malen. Meine Kraftketten gestalte ich aus Flusssteine und verschiedenen Perlen.<br \/>\nDer bemalte Kraftanh\u00e4nger ist von mir durchgebohrt und auf einer Weise Kordel mit 1 Spiralen Anh\u00e4nger, 4 Metallperlen, 2 KunststoffPerlen aufgeh\u00e4ngt. Die Steinanh\u00e4nger sind mit Acrylfarben bemalt, Glitzer bestreut und mit einem wasserfesten Lack versiegelt.<br \/>\nAlle meine Ketten sind mit einer schamanischer R\u00e4ucherung ger\u00e4uchert.<br \/>\nMit Liebe und Himmlischen F\u00fchrung gemalt und geschrieben ?\u00a0\u2764\ufe0f<\/p>\n<p>Energieausgleich: 22 Euro<\/p>\n<p>&nbsp;<\/p>\n<p><a href=\"https:\/\/fabijennas-seeleninsel.de\/wordpress\/wp-content\/uploads\/2016\/05\/12074687_912081248870843_2562448874416512953_n.jpg\"><img loading=\"lazy\" class=\"alignnone size-medium wp-image-2574\" src=\"https:\/\/fabijennas-seeleninsel.de\/wordpress\/wp-content\/uploads\/2016\/05\/12074687_912081248870843_2562448874416512953_n-480x480.jpg\" alt=\"12074687_912081248870843_2562448874416512953_n\" width=\"480\" height=\"480\" data-wp-pid=\"2574\" srcset=\"https:\/\/fabijennas-seeleninsel.de\/wordpress\/wp-content\/uploads\/2016\/05\/12074687_912081248870843_2562448874416512953_n-480x480.jpg 480w, https:\/\/fabijennas-seeleninsel.de\/wordpress\/wp-content\/uploads\/2016\/05\/12074687_912081248870843_2562448874416512953_n-300x300.jpg 300w, https:\/\/fabijennas-seeleninsel.de\/wordpress\/wp-content\/uploads\/2016\/05\/12074687_912081248870843_2562448874416512953_n-240x240.jpg 240w, https:\/\/fabijennas-seeleninsel.de\/wordpress\/wp-content\/uploads\/2016\/05\/12074687_912081248870843_2562448874416512953_n-96x96.jpg 96w, https:\/\/fabijennas-seeleninsel.de\/wordpress\/wp-content\/uploads\/2016\/05\/12074687_912081248870843_2562448874416512953_n-121x121.jpg 121w, https:\/\/fabijennas-seeleninsel.de\/wordpress\/wp-content\/uploads\/2016\/05\/12074687_912081248870843_2562448874416512953_n-60x60.jpg 60w, https:\/\/fabijennas-seeleninsel.de\/wordpress\/wp-content\/uploads\/2016\/05\/12074687_912081248870843_2562448874416512953_n-184x184.jpg 184w, https:\/\/fabijennas-seeleninsel.de\/wordpress\/wp-content\/uploads\/2016\/05\/12074687_912081248870843_2562448874416512953_n-800x800.jpg 800w, https:\/\/fabijennas-seeleninsel.de\/wordpress\/wp-content\/uploads\/2016\/05\/12074687_912081248870843_2562448874416512953_n.jpg 960w\" sizes=\"(max-width: 480px) 100vw, 480px\" \/><\/a> <a href=\"https:\/\/fabijennas-seeleninsel.de\/wordpress\/wp-content\/uploads\/2016\/05\/12075061_912081212204180_4530223662838684982_n.jpg\"><img loading=\"lazy\" class=\"alignnone size-medium wp-image-2575\" src=\"https:\/\/fabijennas-seeleninsel.de\/wordpress\/wp-content\/uploads\/2016\/05\/12075061_912081212204180_4530223662838684982_n-480x480.jpg\" alt=\"12075061_912081212204180_4530223662838684982_n\" width=\"480\" height=\"480\" data-wp-pid=\"2575\" srcset=\"https:\/\/fabijennas-seeleninsel.de\/wordpress\/wp-content\/uploads\/2016\/05\/12075061_912081212204180_4530223662838684982_n-480x480.jpg 480w, https:\/\/fabijennas-seeleninsel.de\/wordpress\/wp-content\/uploads\/2016\/05\/12075061_912081212204180_4530223662838684982_n-300x300.jpg 300w, https:\/\/fabijennas-seeleninsel.de\/wordpress\/wp-content\/uploads\/2016\/05\/12075061_912081212204180_4530223662838684982_n-240x240.jpg 240w, https:\/\/fabijennas-seeleninsel.de\/wordpress\/wp-content\/uploads\/2016\/05\/12075061_912081212204180_4530223662838684982_n-96x96.jpg 96w, https:\/\/fabijennas-seeleninsel.de\/wordpress\/wp-content\/uploads\/2016\/05\/12075061_912081212204180_4530223662838684982_n-121x121.jpg 121w, https:\/\/fabijennas-seeleninsel.de\/wordpress\/wp-content\/uploads\/2016\/05\/12075061_912081212204180_4530223662838684982_n-60x60.jpg 60w, https:\/\/fabijennas-seeleninsel.de\/wordpress\/wp-content\/uploads\/2016\/05\/12075061_912081212204180_4530223662838684982_n-184x184.jpg 184w, https:\/\/fabijennas-seeleninsel.de\/wordpress\/wp-content\/uploads\/2016\/05\/12075061_912081212204180_4530223662838684982_n-800x800.jpg 800w, https:\/\/fabijennas-seeleninsel.de\/wordpress\/wp-content\/uploads\/2016\/05\/12075061_912081212204180_4530223662838684982_n.jpg 960w\" sizes=\"(max-width: 480px) 100vw, 480px\" \/><\/a><\/p>\n","protected":false},"excerpt":{"rendered":"<p>Kraftkette: Strom des Lebens Voller Liebe vertraue ich mich dem Strom des Lebens an. Meine Kraftketten sind handgefertigte Unikate mit viel Liebe gestaltet und mit Energien aufgeladen. Die Symbole so wie die Bilder empfange ich w\u00e4hrend dem malen. Meine Kraftketten gestalte ich aus Flusssteine und verschiedenen Perlen. Der bemalte Kraftanh\u00e4nger ist von mir durchgebohrt und [&hellip;]<\/p>\n","protected":false},"author":3,"featured_media":2574,"comment_status":"closed","ping_status":"open","sticky":false,"template":"","format":"standard","meta":{"_et_pb_use_builder":"","_et_pb_old_content":"","_et_gb_content_width":""},"categories":[14],"tags":[],"_links":{"self":[{"href":"https:\/\/fabijennas-seeleninsel.de\/wordpress\/wp-json\/wp\/v2\/posts\/2573"}],"collection":[{"href":"https:\/\/fabijennas-seeleninsel.de\/wordpress\/wp-json\/wp\/v2\/posts"}],"about":[{"href":"https:\/\/fabijennas-seeleninsel.de\/wordpress\/wp-json\/wp\/v2\/types\/post"}],"author":[{"embeddable":true,"href":"https:\/\/fabijennas-seeleninsel.de\/wordpress\/wp-json\/wp\/v2\/users\/3"}],"replies":[{"embeddable":true,"href":"https:\/\/fabijennas-seeleninsel.de\/wordpress\/wp-json\/wp\/v2\/comments?post=2573"}],"version-history":[{"count":1,"href":"https:\/\/fabijennas-seeleninsel.de\/wordpress\/wp-json\/wp\/v2\/posts\/2573\/revisions"}],"predecessor-version":[{"id":2576,"href":"https:\/\/fabijennas-seeleninsel.de\/wordpress\/wp-json\/wp\/v2\/posts\/2573\/revisions\/2576"}],"wp:featuredmedia":[{"embeddable":true,"href":"https:\/\/fabijennas-seeleninsel.de\/wordpress\/wp-json\/wp\/v2\/media\/2574"}],"wp:attachment":[{"href":"https:\/\/fabijennas-seeleninsel.de\/wordpress\/wp-json\/wp\/v2\/media?parent=2573"}],"wp:term":[{"taxonomy":"category","embeddable":true,"href":"https:\/\/fabijennas-seeleninsel.de\/wordpress\/wp-json\/wp\/v2\/categories?post=2573"},{"taxonomy":"post_tag","embeddable":true,"href":"https:\/\/fabijennas-seeleninsel.de\/wordpress\/wp-json\/wp\/v2\/tags?post=2573"}],"curies":[{"name":"wp","href":"https:\/\/api.w.org\/{rel}","templated":true}]}}