{"id":2688,"date":"2016-05-17T19:46:58","date_gmt":"2016-05-17T17:46:58","guid":{"rendered":"https:\/\/fabijennas-seeleninsel.de\/wordpress\/?p=2688"},"modified":"2017-01-10T00:57:17","modified_gmt":"2017-01-09T22:57:17","slug":"die-kraft-goettin","status":"publish","type":"post","link":"https:\/\/fabijennas-seeleninsel.de\/wordpress\/die-kraft-goettin\/","title":{"rendered":"Die Kraft-G\u00f6ttin"},"content":{"rendered":"<p>Die Kraft -G\u00f6ttin<\/p>\n<p>Du hast mich gerufen und erweckt. Lange hast du dein wahres ICH versteckt und lange hast du deine wilde Seite unterdr\u00fcckt.<br \/>\nDu hast meine Rufe nicht geh\u00f6rt und irgendwann bin ich immer leiser geworden. Dennoch habe ich gewusst das der Tag kommen wird und du meine Kraft in dir wieder finden wirst.<br \/>\nJetzt hast du es zugelassen und meine G\u00f6ttinen-Kraft flie\u00dft durch dich. Der Vulkan deines Seins wird immer gr\u00f6\u00dfer und du erwachst von Tag zu Tag immer mehr.<br \/>\nAuch wenn du dich mal m\u00fcde und kraftlos f\u00fchlst wisse das deine G\u00f6ttinen-Kraft aktiviert ist. G\u00f6nne dir mal eine Pause und beobachte alles in dir und um dich herum in Stille. Auch die erwachte G\u00f6ttin braucht mal eine Pause um neue Kraft zu tanken.<br \/>\nDu wirst f\u00fchlen wenn du wieder vollst\u00e4ndig mit neuer Kraft und Erkenntnisse gef\u00fcllt wirst. Es ist wie eine power Erfrischung die dich wieder nach vorne treibt.<br \/>\nDu erhebst dich immer wieder und sp\u00fcrst die Verbindung zwischen Himmel und Erde,<br \/>\nDu wei\u00dft ganz genau wie du die Balance zwischen Himmel und Erde findest.<br \/>\nIch gehe jeden Schritt mit dir.<br \/>\nIch fliese durch deine Adern.<br \/>\nIch pulsiere in jeder deiner Zellen.<br \/>\nIch z\u00fcnde immer wieder dein inneres Feuer an wenn du in dir K\u00e4lte versp\u00fcrst.<br \/>\nIch erinnere dich immer wieder welch ein g\u00f6ttliches Wesen du bist.<br \/>\nIch bin deine ewige Begleiterinn.<\/p>\n<p>Bildgr\u00f6sse: 100x 50cm<\/p>\n<p>Mit himmlischer F\u00fchrung und Unterst\u00fctzung gemalt und geschrieben.<\/p>\n<p>Energieausgleich 333 Euro<\/p>\n<p>&nbsp;<\/p>\n<p><a href=\"https:\/\/fabijennas-seeleninsel.de\/wordpress\/wp-content\/uploads\/2016\/05\/IMG_4238.jpg\"><img loading=\"lazy\" class=\"alignnone size-medium wp-image-2689\" src=\"https:\/\/fabijennas-seeleninsel.de\/wordpress\/wp-content\/uploads\/2016\/05\/IMG_4238-242x480.jpg\" alt=\"IMG_4238\" width=\"242\" height=\"480\" data-wp-pid=\"2689\" srcset=\"https:\/\/fabijennas-seeleninsel.de\/wordpress\/wp-content\/uploads\/2016\/05\/IMG_4238-242x480.jpg 242w, https:\/\/fabijennas-seeleninsel.de\/wordpress\/wp-content\/uploads\/2016\/05\/IMG_4238-517x1024.jpg 517w, https:\/\/fabijennas-seeleninsel.de\/wordpress\/wp-content\/uploads\/2016\/05\/IMG_4238-404x800.jpg 404w, https:\/\/fabijennas-seeleninsel.de\/wordpress\/wp-content\/uploads\/2016\/05\/IMG_4238.jpg 625w\" sizes=\"(max-width: 242px) 100vw, 242px\" \/><\/a><\/p>\n","protected":false},"excerpt":{"rendered":"<p>Die Kraft -G\u00f6ttin Du hast mich gerufen und erweckt. Lange hast du dein wahres ICH versteckt und lange hast du deine wilde Seite unterdr\u00fcckt. Du hast meine Rufe nicht geh\u00f6rt und irgendwann bin ich immer leiser geworden. Dennoch habe ich gewusst das der Tag kommen wird und du meine Kraft in dir wieder finden wirst. [&hellip;]<\/p>\n","protected":false},"author":3,"featured_media":2689,"comment_status":"closed","ping_status":"open","sticky":false,"template":"","format":"standard","meta":{"_et_pb_use_builder":"","_et_pb_old_content":"","_et_gb_content_width":""},"categories":[8],"tags":[],"_links":{"self":[{"href":"https:\/\/fabijennas-seeleninsel.de\/wordpress\/wp-json\/wp\/v2\/posts\/2688"}],"collection":[{"href":"https:\/\/fabijennas-seeleninsel.de\/wordpress\/wp-json\/wp\/v2\/posts"}],"about":[{"href":"https:\/\/fabijennas-seeleninsel.de\/wordpress\/wp-json\/wp\/v2\/types\/post"}],"author":[{"embeddable":true,"href":"https:\/\/fabijennas-seeleninsel.de\/wordpress\/wp-json\/wp\/v2\/users\/3"}],"replies":[{"embeddable":true,"href":"https:\/\/fabijennas-seeleninsel.de\/wordpress\/wp-json\/wp\/v2\/comments?post=2688"}],"version-history":[{"count":3,"href":"https:\/\/fabijennas-seeleninsel.de\/wordpress\/wp-json\/wp\/v2\/posts\/2688\/revisions"}],"predecessor-version":[{"id":3342,"href":"https:\/\/fabijennas-seeleninsel.de\/wordpress\/wp-json\/wp\/v2\/posts\/2688\/revisions\/3342"}],"wp:featuredmedia":[{"embeddable":true,"href":"https:\/\/fabijennas-seeleninsel.de\/wordpress\/wp-json\/wp\/v2\/media\/2689"}],"wp:attachment":[{"href":"https:\/\/fabijennas-seeleninsel.de\/wordpress\/wp-json\/wp\/v2\/media?parent=2688"}],"wp:term":[{"taxonomy":"category","embeddable":true,"href":"https:\/\/fabijennas-seeleninsel.de\/wordpress\/wp-json\/wp\/v2\/categories?post=2688"},{"taxonomy":"post_tag","embeddable":true,"href":"https:\/\/fabijennas-seeleninsel.de\/wordpress\/wp-json\/wp\/v2\/tags?post=2688"}],"curies":[{"name":"wp","href":"https:\/\/api.w.org\/{rel}","templated":true}]}}