{"id":2710,"date":"2016-05-19T16:56:39","date_gmt":"2016-05-19T14:56:39","guid":{"rendered":"https:\/\/fabijennas-seeleninsel.de\/wordpress\/?p=2710"},"modified":"2016-05-19T16:57:36","modified_gmt":"2016-05-19T14:57:36","slug":"energiebild-verwurzelt","status":"publish","type":"post","link":"https:\/\/fabijennas-seeleninsel.de\/wordpress\/energiebild-verwurzelt\/","title":{"rendered":"Energiebild: Verwurzelt"},"content":{"rendered":"<p>Energiebild: Verwurzelt<\/p>\n<p>Die Erdung ist in der heutigen Zeit f\u00fcr uns sehr wichtig.<br \/>\nVerbinde dich mit der Muttererde und atme ihre kraftvolle Energie ein.Visualisiere das Wachsen deiner Wurzeln durch deine Sohlen ,bis sie tief in der Muttererde ihr kristallines Herz ber\u00fchren.<br \/>\nSo erlangst du zu deinem Urvertrauen und zu deinem Erdstern. Dein Erdstern liegt 30 cm unter deinen F\u00fc\u00dfen. Wenn du mit deinen Wurzeln deinen Erdstern immer wieder ber\u00fchrst ,entdeckst du all dein Potenzial und das Vertrauen im jetzigen Leben.<\/p>\n<p>Bildgr\u00f6sse:90x30cm<br \/>\nMit Liebe und himmlischer F\u00fchrung gemalt und geschrieben.<\/p>\n<p>M\u00f6chtest du das diese wundervolle Bild bei dir ist und Kraft und Energie ausstrahlt, dann schreibe mir ein email Nachricht. nicole.rosenauer@gmx.de<\/p>\n<p>Energieausgleich: 150 Euro<\/p>\n<p>&nbsp;<\/p>\n<p><a href=\"https:\/\/fabijennas-seeleninsel.de\/wordpress\/wp-content\/uploads\/2016\/05\/IMG_4270.jpg\"><img loading=\"lazy\" class=\"alignnone size-medium wp-image-2711\" src=\"https:\/\/fabijennas-seeleninsel.de\/wordpress\/wp-content\/uploads\/2016\/05\/IMG_4270-320x480.jpg\" alt=\"IMG_4270\" width=\"320\" height=\"480\" data-wp-pid=\"2711\" srcset=\"https:\/\/fabijennas-seeleninsel.de\/wordpress\/wp-content\/uploads\/2016\/05\/IMG_4270-320x480.jpg 320w, https:\/\/fabijennas-seeleninsel.de\/wordpress\/wp-content\/uploads\/2016\/05\/IMG_4270-683x1024.jpg 683w, https:\/\/fabijennas-seeleninsel.de\/wordpress\/wp-content\/uploads\/2016\/05\/IMG_4270-533x800.jpg 533w, https:\/\/fabijennas-seeleninsel.de\/wordpress\/wp-content\/uploads\/2016\/05\/IMG_4270-800x1200.jpg 800w, https:\/\/fabijennas-seeleninsel.de\/wordpress\/wp-content\/uploads\/2016\/05\/IMG_4270.jpg 1280w\" sizes=\"(max-width: 320px) 100vw, 320px\" \/><\/a><\/p>\n<p>&nbsp;<\/p>\n<p>&nbsp;<\/p>\n<p><a href=\"https:\/\/fabijennas-seeleninsel.de\/wordpress\/wp-content\/uploads\/2016\/05\/IMG_4272.jpg\"><img loading=\"lazy\" class=\"alignnone size-medium wp-image-2712\" src=\"https:\/\/fabijennas-seeleninsel.de\/wordpress\/wp-content\/uploads\/2016\/05\/IMG_4272-640x427.jpg\" alt=\"IMG_4272\" width=\"640\" height=\"427\" data-wp-pid=\"2712\" srcset=\"https:\/\/fabijennas-seeleninsel.de\/wordpress\/wp-content\/uploads\/2016\/05\/IMG_4272-640x427.jpg 640w, https:\/\/fabijennas-seeleninsel.de\/wordpress\/wp-content\/uploads\/2016\/05\/IMG_4272-1024x683.jpg 1024w, https:\/\/fabijennas-seeleninsel.de\/wordpress\/wp-content\/uploads\/2016\/05\/IMG_4272-140x94.jpg 140w, https:\/\/fabijennas-seeleninsel.de\/wordpress\/wp-content\/uploads\/2016\/05\/IMG_4272-800x533.jpg 800w, https:\/\/fabijennas-seeleninsel.de\/wordpress\/wp-content\/uploads\/2016\/05\/IMG_4272.jpg 1920w\" sizes=\"(max-width: 640px) 100vw, 640px\" \/><\/a><\/p>\n","protected":false},"excerpt":{"rendered":"<p>Energiebild: Verwurzelt Die Erdung ist in der heutigen Zeit f\u00fcr uns sehr wichtig. Verbinde dich mit der Muttererde und atme ihre kraftvolle Energie ein.Visualisiere das Wachsen deiner Wurzeln durch deine Sohlen ,bis sie tief in der Muttererde ihr kristallines Herz ber\u00fchren. So erlangst du zu deinem Urvertrauen und zu deinem Erdstern. Dein Erdstern liegt 30 [&hellip;]<\/p>\n","protected":false},"author":3,"featured_media":2711,"comment_status":"closed","ping_status":"open","sticky":false,"template":"","format":"standard","meta":{"_et_pb_use_builder":"","_et_pb_old_content":"","_et_gb_content_width":""},"categories":[6],"tags":[],"_links":{"self":[{"href":"https:\/\/fabijennas-seeleninsel.de\/wordpress\/wp-json\/wp\/v2\/posts\/2710"}],"collection":[{"href":"https:\/\/fabijennas-seeleninsel.de\/wordpress\/wp-json\/wp\/v2\/posts"}],"about":[{"href":"https:\/\/fabijennas-seeleninsel.de\/wordpress\/wp-json\/wp\/v2\/types\/post"}],"author":[{"embeddable":true,"href":"https:\/\/fabijennas-seeleninsel.de\/wordpress\/wp-json\/wp\/v2\/users\/3"}],"replies":[{"embeddable":true,"href":"https:\/\/fabijennas-seeleninsel.de\/wordpress\/wp-json\/wp\/v2\/comments?post=2710"}],"version-history":[{"count":2,"href":"https:\/\/fabijennas-seeleninsel.de\/wordpress\/wp-json\/wp\/v2\/posts\/2710\/revisions"}],"predecessor-version":[{"id":2714,"href":"https:\/\/fabijennas-seeleninsel.de\/wordpress\/wp-json\/wp\/v2\/posts\/2710\/revisions\/2714"}],"wp:featuredmedia":[{"embeddable":true,"href":"https:\/\/fabijennas-seeleninsel.de\/wordpress\/wp-json\/wp\/v2\/media\/2711"}],"wp:attachment":[{"href":"https:\/\/fabijennas-seeleninsel.de\/wordpress\/wp-json\/wp\/v2\/media?parent=2710"}],"wp:term":[{"taxonomy":"category","embeddable":true,"href":"https:\/\/fabijennas-seeleninsel.de\/wordpress\/wp-json\/wp\/v2\/categories?post=2710"},{"taxonomy":"post_tag","embeddable":true,"href":"https:\/\/fabijennas-seeleninsel.de\/wordpress\/wp-json\/wp\/v2\/tags?post=2710"}],"curies":[{"name":"wp","href":"https:\/\/api.w.org\/{rel}","templated":true}]}}