{"id":2864,"date":"2016-07-03T08:37:07","date_gmt":"2016-07-03T06:37:07","guid":{"rendered":"https:\/\/fabijennas-seeleninsel.de\/wordpress\/?p=2864"},"modified":"2016-07-03T08:37:07","modified_gmt":"2016-07-03T06:37:07","slug":"engel-der-klarheit","status":"publish","type":"post","link":"https:\/\/fabijennas-seeleninsel.de\/wordpress\/engel-der-klarheit\/","title":{"rendered":"Engel der Klarheit"},"content":{"rendered":"<p>Engelkette: Engel der Klarheit.<br \/>\nMach die Augen zu und begegne dich auf der Reise deiner W\u00fcnsche.<br \/>\nWenn du auf das Ziel antriffst behalte diesen Augenblick in dein Ged\u00e4chtnis.<br \/>\nWie f\u00fchlt sich dieses Ziel deiner Reise an?<br \/>\nIch werde dich begleiten und mit Klarheit umh\u00fcllen das du diesem Wunsch nachgehen kannst. Mit jedem Schritt werde ich dich mit Mut und Klarheit unterst\u00fctzen.<br \/>\nNa los ,ziehe jetzt die Meilenschuhe an es geht los.<br \/>\nMit Liebe und himmlischer F\u00fchrung gemalt und geschrieben \u2764\ufe0f<br \/>\nDie Kette ist mit Energien aufgeladen und mit einer schamanischen Kr\u00e4utermischung ger\u00e4uchert.<br \/>\nDer Engelstein ist von mir pers\u00f6nlich durchgebohrt ,auf einer weisen Kordel mit eine Holzperle angeh\u00e4ngt und\u00a0mit Schutzlack versiegelt.<br \/>\nSteingr\u00f6sse: Durchmesser 4cm<br \/>\nDer Engel der Klarheit ist liebevoll verpackt dazu lege ich einen Schutzengelfl\u00fcgel Kettenanh\u00e4nger. \u2764\ufe0f<\/p>\n<p>Energieausgleich 38 Euro<\/p>\n<p>&nbsp;<\/p>\n<p><a href=\"https:\/\/fabijennas-seeleninsel.de\/wordpress\/wp-content\/uploads\/2016\/07\/IMG_4770.jpg\"><img loading=\"lazy\" class=\"alignnone size-medium wp-image-2865\" src=\"https:\/\/fabijennas-seeleninsel.de\/wordpress\/wp-content\/uploads\/2016\/07\/IMG_4770-640x427.jpg\" alt=\"IMG_4770\" width=\"640\" height=\"427\" data-wp-pid=\"2865\" srcset=\"https:\/\/fabijennas-seeleninsel.de\/wordpress\/wp-content\/uploads\/2016\/07\/IMG_4770-640x427.jpg 640w, https:\/\/fabijennas-seeleninsel.de\/wordpress\/wp-content\/uploads\/2016\/07\/IMG_4770-1024x683.jpg 1024w, https:\/\/fabijennas-seeleninsel.de\/wordpress\/wp-content\/uploads\/2016\/07\/IMG_4770-140x94.jpg 140w, https:\/\/fabijennas-seeleninsel.de\/wordpress\/wp-content\/uploads\/2016\/07\/IMG_4770-800x533.jpg 800w, https:\/\/fabijennas-seeleninsel.de\/wordpress\/wp-content\/uploads\/2016\/07\/IMG_4770.jpg 1920w\" sizes=\"(max-width: 640px) 100vw, 640px\" \/><\/a> <a href=\"https:\/\/fabijennas-seeleninsel.de\/wordpress\/wp-content\/uploads\/2016\/07\/IMG_4769.jpg\"><img loading=\"lazy\" class=\"alignnone size-medium wp-image-2866\" src=\"https:\/\/fabijennas-seeleninsel.de\/wordpress\/wp-content\/uploads\/2016\/07\/IMG_4769-640x427.jpg\" alt=\"IMG_4769\" width=\"640\" height=\"427\" data-wp-pid=\"2866\" srcset=\"https:\/\/fabijennas-seeleninsel.de\/wordpress\/wp-content\/uploads\/2016\/07\/IMG_4769-640x427.jpg 640w, https:\/\/fabijennas-seeleninsel.de\/wordpress\/wp-content\/uploads\/2016\/07\/IMG_4769-1024x683.jpg 1024w, https:\/\/fabijennas-seeleninsel.de\/wordpress\/wp-content\/uploads\/2016\/07\/IMG_4769-140x94.jpg 140w, https:\/\/fabijennas-seeleninsel.de\/wordpress\/wp-content\/uploads\/2016\/07\/IMG_4769-800x533.jpg 800w, https:\/\/fabijennas-seeleninsel.de\/wordpress\/wp-content\/uploads\/2016\/07\/IMG_4769.jpg 1920w\" sizes=\"(max-width: 640px) 100vw, 640px\" \/><\/a><\/p>\n","protected":false},"excerpt":{"rendered":"<p>Engelkette: Engel der Klarheit. Mach die Augen zu und begegne dich auf der Reise deiner W\u00fcnsche. Wenn du auf das Ziel antriffst behalte diesen Augenblick in dein Ged\u00e4chtnis. Wie f\u00fchlt sich dieses Ziel deiner Reise an? Ich werde dich begleiten und mit Klarheit umh\u00fcllen das du diesem Wunsch nachgehen kannst. Mit jedem Schritt werde ich [&hellip;]<\/p>\n","protected":false},"author":3,"featured_media":2865,"comment_status":"closed","ping_status":"open","sticky":false,"template":"","format":"standard","meta":{"_et_pb_use_builder":"","_et_pb_old_content":"","_et_gb_content_width":""},"categories":[14],"tags":[],"_links":{"self":[{"href":"https:\/\/fabijennas-seeleninsel.de\/wordpress\/wp-json\/wp\/v2\/posts\/2864"}],"collection":[{"href":"https:\/\/fabijennas-seeleninsel.de\/wordpress\/wp-json\/wp\/v2\/posts"}],"about":[{"href":"https:\/\/fabijennas-seeleninsel.de\/wordpress\/wp-json\/wp\/v2\/types\/post"}],"author":[{"embeddable":true,"href":"https:\/\/fabijennas-seeleninsel.de\/wordpress\/wp-json\/wp\/v2\/users\/3"}],"replies":[{"embeddable":true,"href":"https:\/\/fabijennas-seeleninsel.de\/wordpress\/wp-json\/wp\/v2\/comments?post=2864"}],"version-history":[{"count":1,"href":"https:\/\/fabijennas-seeleninsel.de\/wordpress\/wp-json\/wp\/v2\/posts\/2864\/revisions"}],"predecessor-version":[{"id":2867,"href":"https:\/\/fabijennas-seeleninsel.de\/wordpress\/wp-json\/wp\/v2\/posts\/2864\/revisions\/2867"}],"wp:featuredmedia":[{"embeddable":true,"href":"https:\/\/fabijennas-seeleninsel.de\/wordpress\/wp-json\/wp\/v2\/media\/2865"}],"wp:attachment":[{"href":"https:\/\/fabijennas-seeleninsel.de\/wordpress\/wp-json\/wp\/v2\/media?parent=2864"}],"wp:term":[{"taxonomy":"category","embeddable":true,"href":"https:\/\/fabijennas-seeleninsel.de\/wordpress\/wp-json\/wp\/v2\/categories?post=2864"},{"taxonomy":"post_tag","embeddable":true,"href":"https:\/\/fabijennas-seeleninsel.de\/wordpress\/wp-json\/wp\/v2\/tags?post=2864"}],"curies":[{"name":"wp","href":"https:\/\/api.w.org\/{rel}","templated":true}]}}