{"id":2978,"date":"2016-07-26T15:19:47","date_gmt":"2016-07-26T13:19:47","guid":{"rendered":"https:\/\/fabijennas-seeleninsel.de\/wordpress\/?p=2978"},"modified":"2016-07-26T15:19:47","modified_gmt":"2016-07-26T13:19:47","slug":"innere-kraefte","status":"publish","type":"post","link":"https:\/\/fabijennas-seeleninsel.de\/wordpress\/innere-kraefte\/","title":{"rendered":"Innere Kr\u00e4fte"},"content":{"rendered":"<p>Kraftmandala: Innere Kr\u00e4fte<\/p>\n<p>\u2026\u2026und du sagst es geht nicht? Nat\u00fcrlich geht es,es geht alles was du dir vornimmst.<br \/>\nGlaube an dich und deine innere Kraft. In deinem Inneren hast du all das Wissen das du brachst.<br \/>\nIch sage es dir noch einmal, du schaffst es!<br \/>\nIn dir schlummern alle Kr\u00e4fte um gl\u00fccklich zu sein.<br \/>\nWenn du Hand im Hand mit deinen Kr\u00e4ften frei und mutig durch das Leben gehst, wirst du Wunder erleben.<\/p>\n<p>Mit liebe, himmlischer F\u00fchrung und Unterst\u00fctzung gemalt und geschrieben \u2764<br \/>\nDie Mandala ist mit Energien aufgeladen, mit positiven Affirmationen und Gebete besprochen und mit meiner selbsthergestellten schamanischen R\u00e4ucherung (aus meinem Garten und aus dem Wald) ger\u00e4uchert.<br \/>\nMit meine bemalte Steine so wie Bilder kannst du wundervolle Meditationen machen. Du wirst an magischen Orten gebracht oder kannst du wunderbar deine Blockaden und Seelischen Schmerzen l\u00f6sen so wie Energie und Kraft tanken. Sie k\u00f6nnen t\u00e4gliche Begleiter f\u00fcr dich sein<\/p>\n<p>\u2764??<\/p>\n<p>Energieausgleich: 69 Euro<\/p>\n<p>&nbsp;<\/p>\n<p><a href=\"https:\/\/fabijennas-seeleninsel.de\/wordpress\/wp-content\/uploads\/2016\/07\/13731683_1083857171693249_6212236527434547215_n.jpg\"><img loading=\"lazy\" class=\"alignnone size-medium wp-image-2979\" src=\"https:\/\/fabijennas-seeleninsel.de\/wordpress\/wp-content\/uploads\/2016\/07\/13731683_1083857171693249_6212236527434547215_n-640x480.jpg\" alt=\"13731683_1083857171693249_6212236527434547215_n\" width=\"640\" height=\"480\" data-wp-pid=\"2979\" srcset=\"https:\/\/fabijennas-seeleninsel.de\/wordpress\/wp-content\/uploads\/2016\/07\/13731683_1083857171693249_6212236527434547215_n-640x480.jpg 640w, https:\/\/fabijennas-seeleninsel.de\/wordpress\/wp-content\/uploads\/2016\/07\/13731683_1083857171693249_6212236527434547215_n-800x600.jpg 800w, https:\/\/fabijennas-seeleninsel.de\/wordpress\/wp-content\/uploads\/2016\/07\/13731683_1083857171693249_6212236527434547215_n.jpg 960w\" sizes=\"(max-width: 640px) 100vw, 640px\" \/><\/a><\/p>\n","protected":false},"excerpt":{"rendered":"<p>Kraftmandala: Innere Kr\u00e4fte \u2026\u2026und du sagst es geht nicht? Nat\u00fcrlich geht es,es geht alles was du dir vornimmst. Glaube an dich und deine innere Kraft. In deinem Inneren hast du all das Wissen das du brachst. Ich sage es dir noch einmal, du schaffst es! In dir schlummern alle Kr\u00e4fte um gl\u00fccklich zu sein. Wenn [&hellip;]<\/p>\n","protected":false},"author":3,"featured_media":2979,"comment_status":"closed","ping_status":"open","sticky":false,"template":"","format":"standard","meta":{"_et_pb_use_builder":"","_et_pb_old_content":"","_et_gb_content_width":""},"categories":[14],"tags":[],"_links":{"self":[{"href":"https:\/\/fabijennas-seeleninsel.de\/wordpress\/wp-json\/wp\/v2\/posts\/2978"}],"collection":[{"href":"https:\/\/fabijennas-seeleninsel.de\/wordpress\/wp-json\/wp\/v2\/posts"}],"about":[{"href":"https:\/\/fabijennas-seeleninsel.de\/wordpress\/wp-json\/wp\/v2\/types\/post"}],"author":[{"embeddable":true,"href":"https:\/\/fabijennas-seeleninsel.de\/wordpress\/wp-json\/wp\/v2\/users\/3"}],"replies":[{"embeddable":true,"href":"https:\/\/fabijennas-seeleninsel.de\/wordpress\/wp-json\/wp\/v2\/comments?post=2978"}],"version-history":[{"count":1,"href":"https:\/\/fabijennas-seeleninsel.de\/wordpress\/wp-json\/wp\/v2\/posts\/2978\/revisions"}],"predecessor-version":[{"id":2980,"href":"https:\/\/fabijennas-seeleninsel.de\/wordpress\/wp-json\/wp\/v2\/posts\/2978\/revisions\/2980"}],"wp:featuredmedia":[{"embeddable":true,"href":"https:\/\/fabijennas-seeleninsel.de\/wordpress\/wp-json\/wp\/v2\/media\/2979"}],"wp:attachment":[{"href":"https:\/\/fabijennas-seeleninsel.de\/wordpress\/wp-json\/wp\/v2\/media?parent=2978"}],"wp:term":[{"taxonomy":"category","embeddable":true,"href":"https:\/\/fabijennas-seeleninsel.de\/wordpress\/wp-json\/wp\/v2\/categories?post=2978"},{"taxonomy":"post_tag","embeddable":true,"href":"https:\/\/fabijennas-seeleninsel.de\/wordpress\/wp-json\/wp\/v2\/tags?post=2978"}],"curies":[{"name":"wp","href":"https:\/\/api.w.org\/{rel}","templated":true}]}}