{"id":2997,"date":"2016-08-07T08:40:17","date_gmt":"2016-08-07T06:40:17","guid":{"rendered":"https:\/\/fabijennas-seeleninsel.de\/wordpress\/?p=2997"},"modified":"2017-04-26T21:06:19","modified_gmt":"2017-04-26T19:06:19","slug":"heilbild-der-innere","status":"publish","type":"post","link":"https:\/\/fabijennas-seeleninsel.de\/wordpress\/heilbild-der-innere\/","title":{"rendered":"Heilbild: Der Innere&#8230;."},"content":{"rendered":"<p>Heilbild: Der innere Heiler<\/p>\n<p>Jeder Mensch hat einen eigenen inneren Heiler und jeder tr\u00e4gt die F\u00e4higkeit in sich seinen eigenen K\u00f6rper zu heilen.<br \/>\nDieses Heilbild tr\u00e4gt die Energie von Erzengel Raphael.<br \/>\nDie Herzchakra reagiert wundervoll auf dieses BILD.<\/p>\n<p>Das Bild ist voller Energie und \u00fcbermittelt dir die Information die wichtig ist f\u00fcr K\u00f6rper, Geist uns Seele .<br \/>\nDie Energie dieses Heilbildes erf\u00fcllt den kompletten Raum und wirkt nicht nur heilend und kraftvoll sondern auch wohlf\u00fchlend und beruhigend.<br \/>\nJedes Bild, jede Farbe und jedes Symbol hat eine bestimmte Schwingung. Es tr\u00e4gt die Information des Bildes, die Schwingung und die intuitive Inspiration.<br \/>\nDein Bewusstsein ern\u00e4hrt sich jedes mal mit der Schwingung des Bildes. Auch wenn du nur vorbei gehst oder dich im Raum aufh\u00e4ltst saugt dein Unterbewusstsein die Schwingung und die Energie die im dem Raum des Bildes pulsiert und schwingt.<br \/>\nVielleicht ist dieses Heilbild von Erzengel Raphael f\u00fcr dich das richtige oder vielleicht m\u00f6chtest du das es in deiner Praxis wirkt und deine Klienten die Schwingungen sp\u00fcren. Meine Energie, Universum,Seelen und Engel Bilder sind wunderbare Begleiter nicht nur f\u00fcr Zuhause sondern auch im B\u00fcro,in der ArztPraxis oder in der Heilpraxis.<br \/>\nUnz\u00e4hlige Bilder schm\u00fccken und wirken in vielen Privatr\u00e4umen, B\u00fcros, Praxen und Gesch\u00e4ften und daf\u00fcr bin ich sehr dankbar.<\/p>\n<p>Bildgr\u00f6sse:100cmx70cm<br \/>\nMaterial: Keilrahmen, Goldblatt, Glitzer, Strasssteine, Aventurinstein.<\/p>\n<p>Mit Liebe und himmlischer F\u00fchrung gemalt<\/p>\n<p>&nbsp;<\/p>\n<p>&nbsp;<\/p>\n<p>&nbsp;<\/p>\n<p><a href=\"https:\/\/fabijennas-seeleninsel.de\/wordpress\/wp-content\/uploads\/2016\/08\/13936616_1379761242037988_1934263559_n.jpg\"><img loading=\"lazy\" class=\"alignnone size-medium wp-image-2998\" src=\"https:\/\/fabijennas-seeleninsel.de\/wordpress\/wp-content\/uploads\/2016\/08\/13936616_1379761242037988_1934263559_n-240x480.jpg\" alt=\"13936616_1379761242037988_1934263559_n\" width=\"240\" height=\"480\" data-wp-pid=\"2998\" srcset=\"https:\/\/fabijennas-seeleninsel.de\/wordpress\/wp-content\/uploads\/2016\/08\/13936616_1379761242037988_1934263559_n-240x480.jpg 240w, https:\/\/fabijennas-seeleninsel.de\/wordpress\/wp-content\/uploads\/2016\/08\/13936616_1379761242037988_1934263559_n-430x860.jpg 430w, https:\/\/fabijennas-seeleninsel.de\/wordpress\/wp-content\/uploads\/2016\/08\/13936616_1379761242037988_1934263559_n-399x800.jpg 399w, https:\/\/fabijennas-seeleninsel.de\/wordpress\/wp-content\/uploads\/2016\/08\/13936616_1379761242037988_1934263559_n.jpg 479w\" sizes=\"(max-width: 240px) 100vw, 240px\" \/><\/a><a href=\"https:\/\/fabijennas-seeleninsel.de\/wordpress\/wp-content\/uploads\/2016\/08\/13933005_1379761185371327_537539649_n.jpg\"><img loading=\"lazy\" class=\"alignnone size-medium wp-image-2999\" src=\"https:\/\/fabijennas-seeleninsel.de\/wordpress\/wp-content\/uploads\/2016\/08\/13933005_1379761185371327_537539649_n-360x480.jpg\" alt=\"13933005_1379761185371327_537539649_n\" width=\"360\" height=\"480\" data-wp-pid=\"2999\" srcset=\"https:\/\/fabijennas-seeleninsel.de\/wordpress\/wp-content\/uploads\/2016\/08\/13933005_1379761185371327_537539649_n-360x480.jpg 360w, https:\/\/fabijennas-seeleninsel.de\/wordpress\/wp-content\/uploads\/2016\/08\/13933005_1379761185371327_537539649_n-600x800.jpg 600w, https:\/\/fabijennas-seeleninsel.de\/wordpress\/wp-content\/uploads\/2016\/08\/13933005_1379761185371327_537539649_n.jpg 720w\" sizes=\"(max-width: 360px) 100vw, 360px\" \/><\/a><\/p>\n","protected":false},"excerpt":{"rendered":"<p>Heilbild: Der innere Heiler Jeder Mensch hat einen eigenen inneren Heiler und jeder tr\u00e4gt die F\u00e4higkeit in sich seinen eigenen K\u00f6rper zu heilen. Dieses Heilbild tr\u00e4gt die Energie von Erzengel Raphael. Die Herzchakra reagiert wundervoll auf dieses BILD. Das Bild ist voller Energie und \u00fcbermittelt dir die Information die wichtig ist f\u00fcr K\u00f6rper, Geist uns [&hellip;]<\/p>\n","protected":false},"author":3,"featured_media":2998,"comment_status":"closed","ping_status":"open","sticky":false,"template":"","format":"standard","meta":{"_et_pb_use_builder":"","_et_pb_old_content":"","_et_gb_content_width":""},"categories":[1,6],"tags":[],"_links":{"self":[{"href":"https:\/\/fabijennas-seeleninsel.de\/wordpress\/wp-json\/wp\/v2\/posts\/2997"}],"collection":[{"href":"https:\/\/fabijennas-seeleninsel.de\/wordpress\/wp-json\/wp\/v2\/posts"}],"about":[{"href":"https:\/\/fabijennas-seeleninsel.de\/wordpress\/wp-json\/wp\/v2\/types\/post"}],"author":[{"embeddable":true,"href":"https:\/\/fabijennas-seeleninsel.de\/wordpress\/wp-json\/wp\/v2\/users\/3"}],"replies":[{"embeddable":true,"href":"https:\/\/fabijennas-seeleninsel.de\/wordpress\/wp-json\/wp\/v2\/comments?post=2997"}],"version-history":[{"count":2,"href":"https:\/\/fabijennas-seeleninsel.de\/wordpress\/wp-json\/wp\/v2\/posts\/2997\/revisions"}],"predecessor-version":[{"id":3856,"href":"https:\/\/fabijennas-seeleninsel.de\/wordpress\/wp-json\/wp\/v2\/posts\/2997\/revisions\/3856"}],"wp:featuredmedia":[{"embeddable":true,"href":"https:\/\/fabijennas-seeleninsel.de\/wordpress\/wp-json\/wp\/v2\/media\/2998"}],"wp:attachment":[{"href":"https:\/\/fabijennas-seeleninsel.de\/wordpress\/wp-json\/wp\/v2\/media?parent=2997"}],"wp:term":[{"taxonomy":"category","embeddable":true,"href":"https:\/\/fabijennas-seeleninsel.de\/wordpress\/wp-json\/wp\/v2\/categories?post=2997"},{"taxonomy":"post_tag","embeddable":true,"href":"https:\/\/fabijennas-seeleninsel.de\/wordpress\/wp-json\/wp\/v2\/tags?post=2997"}],"curies":[{"name":"wp","href":"https:\/\/api.w.org\/{rel}","templated":true}]}}