{"id":3006,"date":"2016-08-12T16:25:23","date_gmt":"2016-08-12T14:25:23","guid":{"rendered":"https:\/\/fabijennas-seeleninsel.de\/wordpress\/?p=3006"},"modified":"2016-08-12T16:25:23","modified_gmt":"2016-08-12T14:25:23","slug":"mandala-des-gluecks-2","status":"publish","type":"post","link":"https:\/\/fabijennas-seeleninsel.de\/wordpress\/mandala-des-gluecks-2\/","title":{"rendered":"Mandala des Gl\u00fccks"},"content":{"rendered":"<p>Kraft\/Heilstein: Mandala des Gl\u00fccks<br \/>\nBist du traurig weil du immer wieder denken musst was vor einige Zeiten passiert ist? Wie sehr dich ein Mensch oder eine Situation verletzt hat?<br \/>\nDenkst du daran das du vielleicht in einem Jahr gl\u00fccklich sein wirst wenn du dein Ort oder Job wechselst?<br \/>\nDamit verscheuchst du dein Gl\u00fcck in diesen Moment in diesen jetzige Augenblick. Gl\u00fccklich sein kann nur jetzt in diesem Moment stattfinden.<br \/>\nFreue dich \u00fcber alle kleine dinge die du gerade jetzt erlebst. Zaubere auf dein Gesicht ein wundersch\u00f6nes l\u00e4cheln und verleihe deinem Gesicht ein entspanntes zufriedenes und gl\u00fcckliches strahlen.<br \/>\nAtme tief durch und erfreue dich f\u00fcr dein dasein. Denke immer daran das du dein Leben in deiner Hand hast und nur du bestimmst ob du gl\u00fccklich sein m\u00f6chtest. \u00d6fen deine H\u00e4nde und Arme und umarme dein Leben und dein Gl\u00fcck.<br \/>\nDie Mandala ist mit Energien aufgeladen, mit positiven Affirmationen und Gebete besprochen und mit meiner selbsthergestellten schamanischen R\u00e4ucherung (aus meinem Garten und aus dem Wald) ger\u00e4uchert.<br \/>\nMit meine bemalte Steine so wie Bilder kannst du wundervolle Meditationen machen. Du wirst an magischen Orten gebracht oder kannst du wunderbar deine Blockaden und Seelischen Schmerzen l\u00f6sen so wie Energie und Kraft tanken. Sie k\u00f6nnen t\u00e4gliche Begleiter f\u00fcr dich sein<br \/>\n\u2764??<\/p>\n<p>Energieausgleich: 42 Euro<a href=\"https:\/\/fabijennas-seeleninsel.de\/wordpress\/wp-content\/uploads\/2016\/08\/13937052_1382050498475729_75872021_n.jpg\"><img loading=\"lazy\" class=\"alignnone size-medium wp-image-3007\" src=\"https:\/\/fabijennas-seeleninsel.de\/wordpress\/wp-content\/uploads\/2016\/08\/13937052_1382050498475729_75872021_n-640x480.jpg\" alt=\"13937052_1382050498475729_75872021_n\" width=\"640\" height=\"480\" data-wp-pid=\"3007\" srcset=\"https:\/\/fabijennas-seeleninsel.de\/wordpress\/wp-content\/uploads\/2016\/08\/13937052_1382050498475729_75872021_n-640x480.jpg 640w, https:\/\/fabijennas-seeleninsel.de\/wordpress\/wp-content\/uploads\/2016\/08\/13937052_1382050498475729_75872021_n-800x600.jpg 800w, https:\/\/fabijennas-seeleninsel.de\/wordpress\/wp-content\/uploads\/2016\/08\/13937052_1382050498475729_75872021_n.jpg 960w\" sizes=\"(max-width: 640px) 100vw, 640px\" \/><\/a><\/p>\n","protected":false},"excerpt":{"rendered":"<p>Kraft\/Heilstein: Mandala des Gl\u00fccks Bist du traurig weil du immer wieder denken musst was vor einige Zeiten passiert ist? Wie sehr dich ein Mensch oder eine Situation verletzt hat? Denkst du daran das du vielleicht in einem Jahr gl\u00fccklich sein wirst wenn du dein Ort oder Job wechselst? Damit verscheuchst du dein Gl\u00fcck in diesen [&hellip;]<\/p>\n","protected":false},"author":3,"featured_media":3007,"comment_status":"closed","ping_status":"open","sticky":false,"template":"","format":"standard","meta":{"_et_pb_use_builder":"","_et_pb_old_content":"","_et_gb_content_width":""},"categories":[14],"tags":[],"_links":{"self":[{"href":"https:\/\/fabijennas-seeleninsel.de\/wordpress\/wp-json\/wp\/v2\/posts\/3006"}],"collection":[{"href":"https:\/\/fabijennas-seeleninsel.de\/wordpress\/wp-json\/wp\/v2\/posts"}],"about":[{"href":"https:\/\/fabijennas-seeleninsel.de\/wordpress\/wp-json\/wp\/v2\/types\/post"}],"author":[{"embeddable":true,"href":"https:\/\/fabijennas-seeleninsel.de\/wordpress\/wp-json\/wp\/v2\/users\/3"}],"replies":[{"embeddable":true,"href":"https:\/\/fabijennas-seeleninsel.de\/wordpress\/wp-json\/wp\/v2\/comments?post=3006"}],"version-history":[{"count":1,"href":"https:\/\/fabijennas-seeleninsel.de\/wordpress\/wp-json\/wp\/v2\/posts\/3006\/revisions"}],"predecessor-version":[{"id":3008,"href":"https:\/\/fabijennas-seeleninsel.de\/wordpress\/wp-json\/wp\/v2\/posts\/3006\/revisions\/3008"}],"wp:featuredmedia":[{"embeddable":true,"href":"https:\/\/fabijennas-seeleninsel.de\/wordpress\/wp-json\/wp\/v2\/media\/3007"}],"wp:attachment":[{"href":"https:\/\/fabijennas-seeleninsel.de\/wordpress\/wp-json\/wp\/v2\/media?parent=3006"}],"wp:term":[{"taxonomy":"category","embeddable":true,"href":"https:\/\/fabijennas-seeleninsel.de\/wordpress\/wp-json\/wp\/v2\/categories?post=3006"},{"taxonomy":"post_tag","embeddable":true,"href":"https:\/\/fabijennas-seeleninsel.de\/wordpress\/wp-json\/wp\/v2\/tags?post=3006"}],"curies":[{"name":"wp","href":"https:\/\/api.w.org\/{rel}","templated":true}]}}