{"id":3076,"date":"2016-08-29T08:17:58","date_gmt":"2016-08-29T06:17:58","guid":{"rendered":"https:\/\/fabijennas-seeleninsel.de\/wordpress\/?p=3076"},"modified":"2016-08-29T08:17:58","modified_gmt":"2016-08-29T06:17:58","slug":"kraftkette-dankbarkeit","status":"publish","type":"post","link":"https:\/\/fabijennas-seeleninsel.de\/wordpress\/kraftkette-dankbarkeit\/","title":{"rendered":"Kraftkette: Dankbarkeit"},"content":{"rendered":"<p>Kraftkette: Dankbarkeit \u2764\ufe0f<br \/>\nDankbarkeit ist einer der viele Schl\u00fcsseln zu einem erf\u00fchlten, gl\u00fccklichen Leben. ??<br \/>\nDiese Kette begleitet dich auf deinem Weg.<br \/>\nMeine Kraftketten sind handgefertigte Unikate mit viel Liebe gestaltet und<br \/>\nmit Energien aufgeladen. Die Symbole so wie die Bilder empfange ich w\u00e4hrend dem malen. Meine Kraftketten gestalte ich aus Flusssteine und verschiedenen Perlen.<br \/>\nDer bemalte Kraftanh\u00e4nger ist von mir durchgebohrt und auf einen Satinband oder ein Baumwollkordel aufgeh\u00e4ngt.<br \/>\nDie Steinanh\u00e4nger sind mit Acrylfarben bemalt und mit einem wasserfesten Lack versiegelt.<br \/>\nAlle meine Ketten sind mit einer schamanischer R\u00e4ucherung ger\u00e4uchert.<\/p>\n<p>Energieausgleich: 38 Euro<\/p>\n<p>&nbsp;<\/p>\n<p><a href=\"https:\/\/fabijennas-seeleninsel.de\/wordpress\/wp-content\/uploads\/2016\/08\/14088619_1112489558830010_3505076326165310843_n.jpg\"><img loading=\"lazy\" class=\"alignnone size-medium wp-image-3077\" src=\"https:\/\/fabijennas-seeleninsel.de\/wordpress\/wp-content\/uploads\/2016\/08\/14088619_1112489558830010_3505076326165310843_n-360x480.jpg\" alt=\"14088619_1112489558830010_3505076326165310843_n\" width=\"360\" height=\"480\" data-wp-pid=\"3077\" srcset=\"https:\/\/fabijennas-seeleninsel.de\/wordpress\/wp-content\/uploads\/2016\/08\/14088619_1112489558830010_3505076326165310843_n-360x480.jpg 360w, https:\/\/fabijennas-seeleninsel.de\/wordpress\/wp-content\/uploads\/2016\/08\/14088619_1112489558830010_3505076326165310843_n-600x800.jpg 600w, https:\/\/fabijennas-seeleninsel.de\/wordpress\/wp-content\/uploads\/2016\/08\/14088619_1112489558830010_3505076326165310843_n.jpg 720w\" sizes=\"(max-width: 360px) 100vw, 360px\" \/><\/a><\/p>\n","protected":false},"excerpt":{"rendered":"<p>Kraftkette: Dankbarkeit \u2764\ufe0f Dankbarkeit ist einer der viele Schl\u00fcsseln zu einem erf\u00fchlten, gl\u00fccklichen Leben. ?? Diese Kette begleitet dich auf deinem Weg. Meine Kraftketten sind handgefertigte Unikate mit viel Liebe gestaltet und mit Energien aufgeladen. Die Symbole so wie die Bilder empfange ich w\u00e4hrend dem malen. Meine Kraftketten gestalte ich aus Flusssteine und verschiedenen Perlen. [&hellip;]<\/p>\n","protected":false},"author":3,"featured_media":3077,"comment_status":"closed","ping_status":"open","sticky":false,"template":"","format":"standard","meta":{"_et_pb_use_builder":"","_et_pb_old_content":"","_et_gb_content_width":""},"categories":[14],"tags":[],"_links":{"self":[{"href":"https:\/\/fabijennas-seeleninsel.de\/wordpress\/wp-json\/wp\/v2\/posts\/3076"}],"collection":[{"href":"https:\/\/fabijennas-seeleninsel.de\/wordpress\/wp-json\/wp\/v2\/posts"}],"about":[{"href":"https:\/\/fabijennas-seeleninsel.de\/wordpress\/wp-json\/wp\/v2\/types\/post"}],"author":[{"embeddable":true,"href":"https:\/\/fabijennas-seeleninsel.de\/wordpress\/wp-json\/wp\/v2\/users\/3"}],"replies":[{"embeddable":true,"href":"https:\/\/fabijennas-seeleninsel.de\/wordpress\/wp-json\/wp\/v2\/comments?post=3076"}],"version-history":[{"count":1,"href":"https:\/\/fabijennas-seeleninsel.de\/wordpress\/wp-json\/wp\/v2\/posts\/3076\/revisions"}],"predecessor-version":[{"id":3078,"href":"https:\/\/fabijennas-seeleninsel.de\/wordpress\/wp-json\/wp\/v2\/posts\/3076\/revisions\/3078"}],"wp:featuredmedia":[{"embeddable":true,"href":"https:\/\/fabijennas-seeleninsel.de\/wordpress\/wp-json\/wp\/v2\/media\/3077"}],"wp:attachment":[{"href":"https:\/\/fabijennas-seeleninsel.de\/wordpress\/wp-json\/wp\/v2\/media?parent=3076"}],"wp:term":[{"taxonomy":"category","embeddable":true,"href":"https:\/\/fabijennas-seeleninsel.de\/wordpress\/wp-json\/wp\/v2\/categories?post=3076"},{"taxonomy":"post_tag","embeddable":true,"href":"https:\/\/fabijennas-seeleninsel.de\/wordpress\/wp-json\/wp\/v2\/tags?post=3076"}],"curies":[{"name":"wp","href":"https:\/\/api.w.org\/{rel}","templated":true}]}}