{"id":3117,"date":"2016-09-06T19:28:36","date_gmt":"2016-09-06T17:28:36","guid":{"rendered":"https:\/\/fabijennas-seeleninsel.de\/wordpress\/?p=3117"},"modified":"2016-09-06T19:28:36","modified_gmt":"2016-09-06T17:28:36","slug":"die-sonne-im-herzen","status":"publish","type":"post","link":"https:\/\/fabijennas-seeleninsel.de\/wordpress\/die-sonne-im-herzen\/","title":{"rendered":"Die Sonne im Herzen"},"content":{"rendered":"<p>Energie\/Kraftbild: Die Sonne im Herzen<\/p>\n<p>Die Sonne im Herzen st\u00e4rkt deine Freude. Das goldene Licht breitet sich in dir aus und l\u00e4sst dich sp\u00fcren welche innere Kraft und welche Macht du in dir tr\u00e4gst. Von Ihnen nach Au\u00dfen lasse dein Licht strahlen und zeige welchen Kraft deine innere Sonne tr\u00e4gt.<\/p>\n<p>&nbsp;<\/p>\n<p>Mit Liebe, F\u00fchrung und himmlischer F\u00fchrung gemalt und geschrieben ??<\/p>\n<p>Bildgr\u00f6\u00dfe: 60x30x3,9cm<\/p>\n<p>Energieausgleich: 89 Euro<\/p>\n<p>&nbsp;<\/p>\n<p><a href=\"https:\/\/fabijennas-seeleninsel.de\/wordpress\/wp-content\/uploads\/2016\/09\/14242205_1120376511374648_159521994133484835_o.jpg\"><img loading=\"lazy\" class=\"alignnone size-medium wp-image-3118\" src=\"https:\/\/fabijennas-seeleninsel.de\/wordpress\/wp-content\/uploads\/2016\/09\/14242205_1120376511374648_159521994133484835_o-239x480.jpg\" alt=\"14242205_1120376511374648_159521994133484835_o\" width=\"239\" height=\"480\" data-wp-pid=\"3118\" srcset=\"https:\/\/fabijennas-seeleninsel.de\/wordpress\/wp-content\/uploads\/2016\/09\/14242205_1120376511374648_159521994133484835_o-239x480.jpg 239w, https:\/\/fabijennas-seeleninsel.de\/wordpress\/wp-content\/uploads\/2016\/09\/14242205_1120376511374648_159521994133484835_o-510x1024.jpg 510w, https:\/\/fabijennas-seeleninsel.de\/wordpress\/wp-content\/uploads\/2016\/09\/14242205_1120376511374648_159521994133484835_o-399x800.jpg 399w, https:\/\/fabijennas-seeleninsel.de\/wordpress\/wp-content\/uploads\/2016\/09\/14242205_1120376511374648_159521994133484835_o.jpg 640w\" sizes=\"(max-width: 239px) 100vw, 239px\" \/><\/a><\/p>\n","protected":false},"excerpt":{"rendered":"<p>Energie\/Kraftbild: Die Sonne im Herzen Die Sonne im Herzen st\u00e4rkt deine Freude. Das goldene Licht breitet sich in dir aus und l\u00e4sst dich sp\u00fcren welche innere Kraft und welche Macht du in dir tr\u00e4gst. Von Ihnen nach Au\u00dfen lasse dein Licht strahlen und zeige welchen Kraft deine innere Sonne tr\u00e4gt. &nbsp; Mit Liebe, F\u00fchrung und [&hellip;]<\/p>\n","protected":false},"author":3,"featured_media":3118,"comment_status":"closed","ping_status":"open","sticky":false,"template":"","format":"standard","meta":{"_et_pb_use_builder":"","_et_pb_old_content":"","_et_gb_content_width":""},"categories":[6],"tags":[],"_links":{"self":[{"href":"https:\/\/fabijennas-seeleninsel.de\/wordpress\/wp-json\/wp\/v2\/posts\/3117"}],"collection":[{"href":"https:\/\/fabijennas-seeleninsel.de\/wordpress\/wp-json\/wp\/v2\/posts"}],"about":[{"href":"https:\/\/fabijennas-seeleninsel.de\/wordpress\/wp-json\/wp\/v2\/types\/post"}],"author":[{"embeddable":true,"href":"https:\/\/fabijennas-seeleninsel.de\/wordpress\/wp-json\/wp\/v2\/users\/3"}],"replies":[{"embeddable":true,"href":"https:\/\/fabijennas-seeleninsel.de\/wordpress\/wp-json\/wp\/v2\/comments?post=3117"}],"version-history":[{"count":1,"href":"https:\/\/fabijennas-seeleninsel.de\/wordpress\/wp-json\/wp\/v2\/posts\/3117\/revisions"}],"predecessor-version":[{"id":3119,"href":"https:\/\/fabijennas-seeleninsel.de\/wordpress\/wp-json\/wp\/v2\/posts\/3117\/revisions\/3119"}],"wp:featuredmedia":[{"embeddable":true,"href":"https:\/\/fabijennas-seeleninsel.de\/wordpress\/wp-json\/wp\/v2\/media\/3118"}],"wp:attachment":[{"href":"https:\/\/fabijennas-seeleninsel.de\/wordpress\/wp-json\/wp\/v2\/media?parent=3117"}],"wp:term":[{"taxonomy":"category","embeddable":true,"href":"https:\/\/fabijennas-seeleninsel.de\/wordpress\/wp-json\/wp\/v2\/categories?post=3117"},{"taxonomy":"post_tag","embeddable":true,"href":"https:\/\/fabijennas-seeleninsel.de\/wordpress\/wp-json\/wp\/v2\/tags?post=3117"}],"curies":[{"name":"wp","href":"https:\/\/api.w.org\/{rel}","templated":true}]}}