{"id":3170,"date":"2016-09-25T08:07:17","date_gmt":"2016-09-25T06:07:17","guid":{"rendered":"https:\/\/fabijennas-seeleninsel.de\/wordpress\/?p=3170"},"modified":"2017-08-20T07:05:17","modified_gmt":"2017-08-20T05:05:17","slug":"3170-2","status":"publish","type":"post","link":"https:\/\/fabijennas-seeleninsel.de\/wordpress\/3170-2\/","title":{"rendered":"Chakren Engelfl\u00fcsterer"},"content":{"rendered":"<p>Chakren Engelfl\u00fcsterer<br \/>\nIn meiner eigenen und in zwei weiteren Behandlungspraxen d\u00fcrfen meine Chakren Engelfl\u00fcsterer bereits wirken.<br \/>\nDie Engelfl\u00fcsterer werden sehr gerne zur Fernheilung benutzt oder auch direkt w\u00e4hrend der Behandlung.<br \/>\nDie Chakren Engelfl\u00fcsterer sind mit Energien aufgeladen und mit einer R\u00e4uchermischung ger\u00e4uchert. Die Energie ist sehr sehr kraftvoll.<br \/>\nGestern und Heute wollten sich die Chakren Engelfl\u00fcsterer wieder auf den Steinen verwirklichen<br \/>\nWenn dich diese wundersch\u00f6nen Chakren Engelfl\u00fcsterer ansprechen und du sie haben m\u00f6chtest, f\u00fcr dich oder deine Praxis, schreibe mir eine PN Nachricht.<br \/>\nDie Steingr\u00f6\u00dfe: ca 5-6cm<br \/>\nDie Steine sind liebevoll verpackt.<br \/>\nDie Engel sind auf Flusssteine gemalt die ich an einem Kraftort ausgesucht habe.<br \/>\nDie Engel sind mit Acrylfarben gemalt und mit Schutzlack versiegelt.<br \/>\nWir sind die Engelfl\u00fcsterer<br \/>\nWir sind die Chakren Engelfl\u00fcsterer voller Liebe und Licht und wir reisen sehr gerne zu dir.<br \/>\nWir sieben Engel freuen uns das wir dir bei der Arbeit behilflich sein k\u00f6nnen.<br \/>\nVoller Freude und Sch\u00f6nheit strahlen wir und unser Licht ist heilsam das wissen wir.<br \/>\nLege uns auf die Chakren und spreche mit uns, du wirst sp\u00fcren wie es sich anf\u00fchlt wenn wir Energetisch reinigen.<br \/>\nLege deine H\u00e4nde auf die Engelsteine und mache intuitiv das was dir die Engel sagen.<\/p>\n<p>Energieausgleich: 77 Euro+ Versand<\/p>\n<p>nicole.rosenauer@gmx.de<\/p>\n<p>&nbsp;<\/p>\n<p><a href=\"https:\/\/fabijennas-seeleninsel.de\/wordpress\/wp-content\/uploads\/2016\/09\/IMG_5563.jpg\"><img loading=\"lazy\" class=\"alignnone size-medium wp-image-3171\" src=\"https:\/\/fabijennas-seeleninsel.de\/wordpress\/wp-content\/uploads\/2016\/09\/IMG_5563-640x427.jpg\" alt=\"img_5563\" width=\"640\" height=\"427\" data-wp-pid=\"3171\" srcset=\"https:\/\/fabijennas-seeleninsel.de\/wordpress\/wp-content\/uploads\/2016\/09\/IMG_5563-640x427.jpg 640w, https:\/\/fabijennas-seeleninsel.de\/wordpress\/wp-content\/uploads\/2016\/09\/IMG_5563-1024x683.jpg 1024w, https:\/\/fabijennas-seeleninsel.de\/wordpress\/wp-content\/uploads\/2016\/09\/IMG_5563-140x94.jpg 140w, https:\/\/fabijennas-seeleninsel.de\/wordpress\/wp-content\/uploads\/2016\/09\/IMG_5563-800x533.jpg 800w, https:\/\/fabijennas-seeleninsel.de\/wordpress\/wp-content\/uploads\/2016\/09\/IMG_5563.jpg 1920w\" sizes=\"(max-width: 640px) 100vw, 640px\" \/><\/a><\/p>\n","protected":false},"excerpt":{"rendered":"<p>Chakren Engelfl\u00fcsterer In meiner eigenen und in zwei weiteren Behandlungspraxen d\u00fcrfen meine Chakren Engelfl\u00fcsterer bereits wirken. Die Engelfl\u00fcsterer werden sehr gerne zur Fernheilung benutzt oder auch direkt w\u00e4hrend der Behandlung. Die Chakren Engelfl\u00fcsterer sind mit Energien aufgeladen und mit einer R\u00e4uchermischung ger\u00e4uchert. Die Energie ist sehr sehr kraftvoll. Gestern und Heute wollten sich die Chakren [&hellip;]<\/p>\n","protected":false},"author":3,"featured_media":3171,"comment_status":"closed","ping_status":"open","sticky":false,"template":"","format":"standard","meta":{"_et_pb_use_builder":"","_et_pb_old_content":"","_et_gb_content_width":""},"categories":[14],"tags":[],"_links":{"self":[{"href":"https:\/\/fabijennas-seeleninsel.de\/wordpress\/wp-json\/wp\/v2\/posts\/3170"}],"collection":[{"href":"https:\/\/fabijennas-seeleninsel.de\/wordpress\/wp-json\/wp\/v2\/posts"}],"about":[{"href":"https:\/\/fabijennas-seeleninsel.de\/wordpress\/wp-json\/wp\/v2\/types\/post"}],"author":[{"embeddable":true,"href":"https:\/\/fabijennas-seeleninsel.de\/wordpress\/wp-json\/wp\/v2\/users\/3"}],"replies":[{"embeddable":true,"href":"https:\/\/fabijennas-seeleninsel.de\/wordpress\/wp-json\/wp\/v2\/comments?post=3170"}],"version-history":[{"count":2,"href":"https:\/\/fabijennas-seeleninsel.de\/wordpress\/wp-json\/wp\/v2\/posts\/3170\/revisions"}],"predecessor-version":[{"id":4132,"href":"https:\/\/fabijennas-seeleninsel.de\/wordpress\/wp-json\/wp\/v2\/posts\/3170\/revisions\/4132"}],"wp:featuredmedia":[{"embeddable":true,"href":"https:\/\/fabijennas-seeleninsel.de\/wordpress\/wp-json\/wp\/v2\/media\/3171"}],"wp:attachment":[{"href":"https:\/\/fabijennas-seeleninsel.de\/wordpress\/wp-json\/wp\/v2\/media?parent=3170"}],"wp:term":[{"taxonomy":"category","embeddable":true,"href":"https:\/\/fabijennas-seeleninsel.de\/wordpress\/wp-json\/wp\/v2\/categories?post=3170"},{"taxonomy":"post_tag","embeddable":true,"href":"https:\/\/fabijennas-seeleninsel.de\/wordpress\/wp-json\/wp\/v2\/tags?post=3170"}],"curies":[{"name":"wp","href":"https:\/\/api.w.org\/{rel}","templated":true}]}}