{"id":3186,"date":"2016-10-03T16:55:02","date_gmt":"2016-10-03T14:55:02","guid":{"rendered":"https:\/\/fabijennas-seeleninsel.de\/wordpress\/?p=3186"},"modified":"2016-10-06T17:02:24","modified_gmt":"2016-10-06T15:02:24","slug":"heilmandalaerfuelltes-leben","status":"publish","type":"post","link":"https:\/\/fabijennas-seeleninsel.de\/wordpress\/heilmandalaerfuelltes-leben\/","title":{"rendered":"Heilmandala:Erf\u00fclltes Leben"},"content":{"rendered":"<p>Heilmandala:Erf\u00fclltes Leben<br \/>\nEin erf\u00fclltes Leben lebst du erst dann wenn du auf deine innere Stimme h\u00f6rst.<br \/>\nAlso steige aus dem Hamsterrad aus und greife nach deinem Leben.<br \/>\nSei anderes als es die anderen sind.<br \/>\nVerlasse die Orientierung der anderen.<br \/>\nSei nur du selbst.<br \/>\nWas f\u00fcr den einen oder anderen erf\u00fcllend sein kann ,muss keine Erf\u00fcllung f\u00fcr dich sein, weil du ein Individuum bist.<br \/>\nLebe wahrhaftig, und sei echt. Sei du selbst.<\/p>\n<p>Die Mandala ist voller Energie und \u00fcbermittelt dir die Informationen die wichtig f\u00fcr K\u00f6rper, Geist uns Seele sind.<br \/>\nDie Energie dieses Heilbildes erf\u00fcllt den kompletten Raum und wirkt nicht nur heilend und kraftvoll sondern auch wohlf\u00fchlend und beruhigend.<\/p>\n<p>Bildgr\u00f6\u00dfe: 40cmx40cm<\/p>\n<p>Ist bereits vergeben<\/p>\n<p>&nbsp;<\/p>\n<p><a href=\"https:\/\/fabijennas-seeleninsel.de\/wordpress\/wp-content\/uploads\/2016\/10\/IMG_5628.jpg\"><img loading=\"lazy\" class=\"alignnone size-medium wp-image-3187\" src=\"https:\/\/fabijennas-seeleninsel.de\/wordpress\/wp-content\/uploads\/2016\/10\/IMG_5628-485x480.jpg\" alt=\"img_5628\" width=\"485\" height=\"480\" data-wp-pid=\"3187\" srcset=\"https:\/\/fabijennas-seeleninsel.de\/wordpress\/wp-content\/uploads\/2016\/10\/IMG_5628-485x480.jpg 485w, https:\/\/fabijennas-seeleninsel.de\/wordpress\/wp-content\/uploads\/2016\/10\/IMG_5628-1024x1014.jpg 1024w, https:\/\/fabijennas-seeleninsel.de\/wordpress\/wp-content\/uploads\/2016\/10\/IMG_5628-96x96.jpg 96w, https:\/\/fabijennas-seeleninsel.de\/wordpress\/wp-content\/uploads\/2016\/10\/IMG_5628-121x121.jpg 121w, https:\/\/fabijennas-seeleninsel.de\/wordpress\/wp-content\/uploads\/2016\/10\/IMG_5628-60x60.jpg 60w, https:\/\/fabijennas-seeleninsel.de\/wordpress\/wp-content\/uploads\/2016\/10\/IMG_5628-800x792.jpg 800w, https:\/\/fabijennas-seeleninsel.de\/wordpress\/wp-content\/uploads\/2016\/10\/IMG_5628.jpg 1143w\" sizes=\"(max-width: 485px) 100vw, 485px\" \/><\/a><\/p>\n","protected":false},"excerpt":{"rendered":"<p>Heilmandala:Erf\u00fclltes Leben Ein erf\u00fclltes Leben lebst du erst dann wenn du auf deine innere Stimme h\u00f6rst. Also steige aus dem Hamsterrad aus und greife nach deinem Leben. Sei anderes als es die anderen sind. Verlasse die Orientierung der anderen. Sei nur du selbst. Was f\u00fcr den einen oder anderen erf\u00fcllend sein kann ,muss keine Erf\u00fcllung [&hellip;]<\/p>\n","protected":false},"author":3,"featured_media":3187,"comment_status":"closed","ping_status":"open","sticky":false,"template":"","format":"standard","meta":{"_et_pb_use_builder":"","_et_pb_old_content":"","_et_gb_content_width":""},"categories":[1,6],"tags":[],"_links":{"self":[{"href":"https:\/\/fabijennas-seeleninsel.de\/wordpress\/wp-json\/wp\/v2\/posts\/3186"}],"collection":[{"href":"https:\/\/fabijennas-seeleninsel.de\/wordpress\/wp-json\/wp\/v2\/posts"}],"about":[{"href":"https:\/\/fabijennas-seeleninsel.de\/wordpress\/wp-json\/wp\/v2\/types\/post"}],"author":[{"embeddable":true,"href":"https:\/\/fabijennas-seeleninsel.de\/wordpress\/wp-json\/wp\/v2\/users\/3"}],"replies":[{"embeddable":true,"href":"https:\/\/fabijennas-seeleninsel.de\/wordpress\/wp-json\/wp\/v2\/comments?post=3186"}],"version-history":[{"count":2,"href":"https:\/\/fabijennas-seeleninsel.de\/wordpress\/wp-json\/wp\/v2\/posts\/3186\/revisions"}],"predecessor-version":[{"id":3192,"href":"https:\/\/fabijennas-seeleninsel.de\/wordpress\/wp-json\/wp\/v2\/posts\/3186\/revisions\/3192"}],"wp:featuredmedia":[{"embeddable":true,"href":"https:\/\/fabijennas-seeleninsel.de\/wordpress\/wp-json\/wp\/v2\/media\/3187"}],"wp:attachment":[{"href":"https:\/\/fabijennas-seeleninsel.de\/wordpress\/wp-json\/wp\/v2\/media?parent=3186"}],"wp:term":[{"taxonomy":"category","embeddable":true,"href":"https:\/\/fabijennas-seeleninsel.de\/wordpress\/wp-json\/wp\/v2\/categories?post=3186"},{"taxonomy":"post_tag","embeddable":true,"href":"https:\/\/fabijennas-seeleninsel.de\/wordpress\/wp-json\/wp\/v2\/tags?post=3186"}],"curies":[{"name":"wp","href":"https:\/\/api.w.org\/{rel}","templated":true}]}}