{"id":3201,"date":"2016-10-08T12:53:17","date_gmt":"2016-10-08T10:53:17","guid":{"rendered":"https:\/\/fabijennas-seeleninsel.de\/wordpress\/?p=3201"},"modified":"2016-10-08T12:53:17","modified_gmt":"2016-10-08T10:53:17","slug":"persoenlicher-seelenengel","status":"publish","type":"post","link":"https:\/\/fabijennas-seeleninsel.de\/wordpress\/persoenlicher-seelenengel\/","title":{"rendered":"Pers\u00f6nlicher Seelenengel"},"content":{"rendered":"<p>Auftragsarbeit: Pers\u00f6nlicher Seelenengel.<\/p>\n<p>M\u00f6chtest du auch gerne das ich deinen Pers\u00f6nlichen Seelenengel male? Dann schreibe mir einen Nachricht \u00fcber email: nicole.rosenauer@gmx.de<\/p>\n<p>Ich werde mich sehr freuen,das Ich dir auch einen Seelenengel malen darf. Ich brauche nur dein Geburtstagsdatum und dein Foto?\u2764\ufe0f? Namaste Hana Fabijenna<\/p>\n<p>&nbsp;<\/p>\n<p><a href=\"https:\/\/fabijennas-seeleninsel.de\/wordpress\/wp-content\/uploads\/2016\/10\/14479619_1146002565478709_3234085491054764029_n-2.jpg\"><img loading=\"lazy\" class=\"alignnone size-medium wp-image-3202\" src=\"https:\/\/fabijennas-seeleninsel.de\/wordpress\/wp-content\/uploads\/2016\/10\/14479619_1146002565478709_3234085491054764029_n-2-489x480.jpg\" alt=\"14479619_1146002565478709_3234085491054764029_n-2\" width=\"489\" height=\"480\" data-wp-pid=\"3202\" srcset=\"https:\/\/fabijennas-seeleninsel.de\/wordpress\/wp-content\/uploads\/2016\/10\/14479619_1146002565478709_3234085491054764029_n-2-489x480.jpg 489w, https:\/\/fabijennas-seeleninsel.de\/wordpress\/wp-content\/uploads\/2016\/10\/14479619_1146002565478709_3234085491054764029_n-2-60x60.jpg 60w, https:\/\/fabijennas-seeleninsel.de\/wordpress\/wp-content\/uploads\/2016\/10\/14479619_1146002565478709_3234085491054764029_n-2-800x785.jpg 800w, https:\/\/fabijennas-seeleninsel.de\/wordpress\/wp-content\/uploads\/2016\/10\/14479619_1146002565478709_3234085491054764029_n-2.jpg 960w\" sizes=\"(max-width: 489px) 100vw, 489px\" \/><\/a><\/p>\n","protected":false},"excerpt":{"rendered":"<p>Auftragsarbeit: Pers\u00f6nlicher Seelenengel. M\u00f6chtest du auch gerne das ich deinen Pers\u00f6nlichen Seelenengel male? Dann schreibe mir einen Nachricht \u00fcber email: nicole.rosenauer@gmx.de Ich werde mich sehr freuen,das Ich dir auch einen Seelenengel malen darf. Ich brauche nur dein Geburtstagsdatum und dein Foto?\u2764\ufe0f? Namaste Hana Fabijenna &nbsp;<\/p>\n","protected":false},"author":3,"featured_media":3202,"comment_status":"closed","ping_status":"open","sticky":false,"template":"","format":"standard","meta":{"_et_pb_use_builder":"","_et_pb_old_content":"","_et_gb_content_width":""},"categories":[1,8],"tags":[],"_links":{"self":[{"href":"https:\/\/fabijennas-seeleninsel.de\/wordpress\/wp-json\/wp\/v2\/posts\/3201"}],"collection":[{"href":"https:\/\/fabijennas-seeleninsel.de\/wordpress\/wp-json\/wp\/v2\/posts"}],"about":[{"href":"https:\/\/fabijennas-seeleninsel.de\/wordpress\/wp-json\/wp\/v2\/types\/post"}],"author":[{"embeddable":true,"href":"https:\/\/fabijennas-seeleninsel.de\/wordpress\/wp-json\/wp\/v2\/users\/3"}],"replies":[{"embeddable":true,"href":"https:\/\/fabijennas-seeleninsel.de\/wordpress\/wp-json\/wp\/v2\/comments?post=3201"}],"version-history":[{"count":1,"href":"https:\/\/fabijennas-seeleninsel.de\/wordpress\/wp-json\/wp\/v2\/posts\/3201\/revisions"}],"predecessor-version":[{"id":3203,"href":"https:\/\/fabijennas-seeleninsel.de\/wordpress\/wp-json\/wp\/v2\/posts\/3201\/revisions\/3203"}],"wp:featuredmedia":[{"embeddable":true,"href":"https:\/\/fabijennas-seeleninsel.de\/wordpress\/wp-json\/wp\/v2\/media\/3202"}],"wp:attachment":[{"href":"https:\/\/fabijennas-seeleninsel.de\/wordpress\/wp-json\/wp\/v2\/media?parent=3201"}],"wp:term":[{"taxonomy":"category","embeddable":true,"href":"https:\/\/fabijennas-seeleninsel.de\/wordpress\/wp-json\/wp\/v2\/categories?post=3201"},{"taxonomy":"post_tag","embeddable":true,"href":"https:\/\/fabijennas-seeleninsel.de\/wordpress\/wp-json\/wp\/v2\/tags?post=3201"}],"curies":[{"name":"wp","href":"https:\/\/api.w.org\/{rel}","templated":true}]}}