{"id":3204,"date":"2016-10-09T14:54:46","date_gmt":"2016-10-09T12:54:46","guid":{"rendered":"https:\/\/fabijennas-seeleninsel.de\/wordpress\/?p=3204"},"modified":"2016-10-09T14:54:46","modified_gmt":"2016-10-09T12:54:46","slug":"die-seelenfluesterin-libelle","status":"publish","type":"post","link":"https:\/\/fabijennas-seeleninsel.de\/wordpress\/die-seelenfluesterin-libelle\/","title":{"rendered":"Die Seelenfl\u00fcsterin Libelle"},"content":{"rendered":"<p>Die Seelenfl\u00fcsterin Libelle ?<\/p>\n<p>Ich mit meinen glitzernden Fl\u00fcgeln tanze im Sonnenstrahl. Vom Winde werde ich gestreichelt und genie\u00dfe das Leben voller Magie und Sch\u00f6nheit. Ich vertraue meinem Wissen und lasse mich von der Liebe des g\u00f6ttlichen Seins tragen.<br \/>\nIch tanze voller Freude von einer Seerose zur anderen Seerose mit der Leichtigkeit einer Ballerina.<br \/>\nMeine Fl\u00fcgel glitzern wie die feinste Regenbogen Seide,so wie deine Seele auch glitzert. Ich m\u00f6chte dir Leichtigkeit in dein Leben bringen und werde dir helfen alle alten Verkrustungen zu l\u00f6sen.<br \/>\nMit meiner Kraft kannst du wieder deine Lebensenergie erlangen.<br \/>\nIch zeige dir wie du deine Mauern aufbrechen kannst und zu deinem wahren Ich Bin wieder finden kannst.<br \/>\nVerstecke dich nicht mehr vor Situationen und Themen die in dein Leben eintreten, gehe nach Au\u00dfen und zeige dich in voller Pracht. Verbinde dich mit deiner inneren Quelle und stehe zu dir.\u00a0\u2764\ufe0f<\/p>\n<p>Mit himmlischer Unterst\u00fctzung und F\u00fchrung gemalt und geschrieben \u2764\ufe0f<br \/>\nNamaste Hana Fabijenna<\/p>\n<p>&nbsp;<\/p>\n<p><a href=\"https:\/\/fabijennas-seeleninsel.de\/wordpress\/wp-content\/uploads\/2016\/10\/14516575_1147750228637276_1326204173601093953_n.jpg\"><img loading=\"lazy\" class=\"alignnone size-full wp-image-3205\" src=\"https:\/\/fabijennas-seeleninsel.de\/wordpress\/wp-content\/uploads\/2016\/10\/14516575_1147750228637276_1326204173601093953_n.jpg\" alt=\"14516575_1147750228637276_1326204173601093953_n\" width=\"587\" height=\"425\" data-wp-pid=\"3205\" \/><\/a><\/p>\n","protected":false},"excerpt":{"rendered":"<p>Die Seelenfl\u00fcsterin Libelle ? Ich mit meinen glitzernden Fl\u00fcgeln tanze im Sonnenstrahl. Vom Winde werde ich gestreichelt und genie\u00dfe das Leben voller Magie und Sch\u00f6nheit. Ich vertraue meinem Wissen und lasse mich von der Liebe des g\u00f6ttlichen Seins tragen. Ich tanze voller Freude von einer Seerose zur anderen Seerose mit der Leichtigkeit einer Ballerina. Meine [&hellip;]<\/p>\n","protected":false},"author":3,"featured_media":3205,"comment_status":"closed","ping_status":"open","sticky":false,"template":"","format":"standard","meta":{"_et_pb_use_builder":"","_et_pb_old_content":"","_et_gb_content_width":""},"categories":[14],"tags":[],"_links":{"self":[{"href":"https:\/\/fabijennas-seeleninsel.de\/wordpress\/wp-json\/wp\/v2\/posts\/3204"}],"collection":[{"href":"https:\/\/fabijennas-seeleninsel.de\/wordpress\/wp-json\/wp\/v2\/posts"}],"about":[{"href":"https:\/\/fabijennas-seeleninsel.de\/wordpress\/wp-json\/wp\/v2\/types\/post"}],"author":[{"embeddable":true,"href":"https:\/\/fabijennas-seeleninsel.de\/wordpress\/wp-json\/wp\/v2\/users\/3"}],"replies":[{"embeddable":true,"href":"https:\/\/fabijennas-seeleninsel.de\/wordpress\/wp-json\/wp\/v2\/comments?post=3204"}],"version-history":[{"count":1,"href":"https:\/\/fabijennas-seeleninsel.de\/wordpress\/wp-json\/wp\/v2\/posts\/3204\/revisions"}],"predecessor-version":[{"id":3206,"href":"https:\/\/fabijennas-seeleninsel.de\/wordpress\/wp-json\/wp\/v2\/posts\/3204\/revisions\/3206"}],"wp:featuredmedia":[{"embeddable":true,"href":"https:\/\/fabijennas-seeleninsel.de\/wordpress\/wp-json\/wp\/v2\/media\/3205"}],"wp:attachment":[{"href":"https:\/\/fabijennas-seeleninsel.de\/wordpress\/wp-json\/wp\/v2\/media?parent=3204"}],"wp:term":[{"taxonomy":"category","embeddable":true,"href":"https:\/\/fabijennas-seeleninsel.de\/wordpress\/wp-json\/wp\/v2\/categories?post=3204"},{"taxonomy":"post_tag","embeddable":true,"href":"https:\/\/fabijennas-seeleninsel.de\/wordpress\/wp-json\/wp\/v2\/tags?post=3204"}],"curies":[{"name":"wp","href":"https:\/\/api.w.org\/{rel}","templated":true}]}}