{"id":3222,"date":"2016-10-14T17:35:55","date_gmt":"2016-10-14T15:35:55","guid":{"rendered":"https:\/\/fabijennas-seeleninsel.de\/wordpress\/?p=3222"},"modified":"2016-10-14T17:35:55","modified_gmt":"2016-10-14T15:35:55","slug":"persoenlicher-engel","status":"publish","type":"post","link":"https:\/\/fabijennas-seeleninsel.de\/wordpress\/persoenlicher-engel\/","title":{"rendered":"Pers\u00f6nlicher Engel"},"content":{"rendered":"<p>Auftragsbild: Pers\u00f6nlicher Engel f\u00fcr ein wundervolle Kristallkind \u2764\ufe0f??<\/p>\n<p>Die Energie von Kristallkinder ist rein, klar und sehr friedlich. Kristallkinder sind sehr feinf\u00fchlig daher auch sehr schnell verletzlich. Sie f\u00fchlen Emotionen und Energien anderen Menschen und dadurch f\u00fchlen sie sich oft Hilflos und verletzlich.<br \/>\nDieser wundersch\u00f6ner Engel m\u00f6chte ein wundervolles Kristallkind begleiten.<br \/>\nSie beh\u00fctet und besch\u00fctz du kleiner Engel ??\u2764\ufe0f<\/p>\n<p>Danke das ich diesen Auftragsbild zeigen d\u00fcrfte \u2764\ufe0f<\/p>\n<p>&nbsp;<\/p>\n<p><a href=\"https:\/\/fabijennas-seeleninsel.de\/wordpress\/wp-content\/uploads\/2016\/10\/14725445_1151297711615861_1788760053113470799_n.jpg\"><img loading=\"lazy\" class=\"alignnone size-medium wp-image-3223\" src=\"https:\/\/fabijennas-seeleninsel.de\/wordpress\/wp-content\/uploads\/2016\/10\/14725445_1151297711615861_1788760053113470799_n-503x480.jpg\" alt=\"14725445_1151297711615861_1788760053113470799_n\" width=\"503\" height=\"480\" data-wp-pid=\"3223\" srcset=\"https:\/\/fabijennas-seeleninsel.de\/wordpress\/wp-content\/uploads\/2016\/10\/14725445_1151297711615861_1788760053113470799_n-503x480.jpg 503w, https:\/\/fabijennas-seeleninsel.de\/wordpress\/wp-content\/uploads\/2016\/10\/14725445_1151297711615861_1788760053113470799_n-800x763.jpg 800w, https:\/\/fabijennas-seeleninsel.de\/wordpress\/wp-content\/uploads\/2016\/10\/14725445_1151297711615861_1788760053113470799_n.jpg 960w\" sizes=\"(max-width: 503px) 100vw, 503px\" \/><\/a><\/p>\n","protected":false},"excerpt":{"rendered":"<p>Auftragsbild: Pers\u00f6nlicher Engel f\u00fcr ein wundervolle Kristallkind \u2764\ufe0f?? Die Energie von Kristallkinder ist rein, klar und sehr friedlich. Kristallkinder sind sehr feinf\u00fchlig daher auch sehr schnell verletzlich. Sie f\u00fchlen Emotionen und Energien anderen Menschen und dadurch f\u00fchlen sie sich oft Hilflos und verletzlich. Dieser wundersch\u00f6ner Engel m\u00f6chte ein wundervolles Kristallkind begleiten. Sie beh\u00fctet und besch\u00fctz [&hellip;]<\/p>\n","protected":false},"author":3,"featured_media":3223,"comment_status":"closed","ping_status":"open","sticky":false,"template":"","format":"standard","meta":{"_et_pb_use_builder":"","_et_pb_old_content":"","_et_gb_content_width":""},"categories":[1,8],"tags":[],"_links":{"self":[{"href":"https:\/\/fabijennas-seeleninsel.de\/wordpress\/wp-json\/wp\/v2\/posts\/3222"}],"collection":[{"href":"https:\/\/fabijennas-seeleninsel.de\/wordpress\/wp-json\/wp\/v2\/posts"}],"about":[{"href":"https:\/\/fabijennas-seeleninsel.de\/wordpress\/wp-json\/wp\/v2\/types\/post"}],"author":[{"embeddable":true,"href":"https:\/\/fabijennas-seeleninsel.de\/wordpress\/wp-json\/wp\/v2\/users\/3"}],"replies":[{"embeddable":true,"href":"https:\/\/fabijennas-seeleninsel.de\/wordpress\/wp-json\/wp\/v2\/comments?post=3222"}],"version-history":[{"count":1,"href":"https:\/\/fabijennas-seeleninsel.de\/wordpress\/wp-json\/wp\/v2\/posts\/3222\/revisions"}],"predecessor-version":[{"id":3224,"href":"https:\/\/fabijennas-seeleninsel.de\/wordpress\/wp-json\/wp\/v2\/posts\/3222\/revisions\/3224"}],"wp:featuredmedia":[{"embeddable":true,"href":"https:\/\/fabijennas-seeleninsel.de\/wordpress\/wp-json\/wp\/v2\/media\/3223"}],"wp:attachment":[{"href":"https:\/\/fabijennas-seeleninsel.de\/wordpress\/wp-json\/wp\/v2\/media?parent=3222"}],"wp:term":[{"taxonomy":"category","embeddable":true,"href":"https:\/\/fabijennas-seeleninsel.de\/wordpress\/wp-json\/wp\/v2\/categories?post=3222"},{"taxonomy":"post_tag","embeddable":true,"href":"https:\/\/fabijennas-seeleninsel.de\/wordpress\/wp-json\/wp\/v2\/tags?post=3222"}],"curies":[{"name":"wp","href":"https:\/\/api.w.org\/{rel}","templated":true}]}}