{"id":3247,"date":"2016-10-21T10:45:45","date_gmt":"2016-10-21T08:45:45","guid":{"rendered":"https:\/\/fabijennas-seeleninsel.de\/wordpress\/?p=3247"},"modified":"2016-10-21T10:45:45","modified_gmt":"2016-10-21T08:45:45","slug":"workshop","status":"publish","type":"post","link":"https:\/\/fabijennas-seeleninsel.de\/wordpress\/workshop\/","title":{"rendered":"Workshop"},"content":{"rendered":"<p>Ihr lieben es ist weit, der n\u00e4chste Workshop mediales Kinder malen findet am 19.11.2016 um 14.00-18.00 Uhr bei mir im Atelier statt.<br \/>\nIch habe das gro\u00dfe Gl\u00fcck seit ein paar Jahren in meiner Praxis auch Kinder behandeln zu d\u00fcrfen, vor allem energetisch. Es sind wundervolle und besondere Kinder der heutigen Zeit. Jedes Kind ist f\u00fcr mich etwas Besonderes und jedes dieser Kinder baut in der ersten Stunde ein tolles Vertrauen und eine tolle Beziehung zu mir auf, was mich unendlich freut und gl\u00fccklich macht. In dieser wundervollen Zeit hab ich Erfahrungen sammeln d\u00fcrfen und f\u00fchlen k\u00f6nnen was die Kinder wollen und brauchen. Es entstehen wundersch\u00f6ne Gespr\u00e4che zwischen ihnen und mir und sie erz\u00e4hlen mir die sch\u00f6nsten Erlebnisse mit ihren Engel und allen geistigen Helfer, und, und, und. Es gibt keine Grenzen. Viele dieser Kinder f\u00fchlen sich alleine und nicht verstanden. Daher bin ich sehr dankbar dass ihre Mamas den Weg zu mir finden.<\/p>\n<p>Ich lade Kinder zwischen 5-12 Jahren auf eine Reise voller Fantasie in die bunte Welt ein.<br \/>\nIch werde erst in einem Kreis trommeln und wir werden uns mit der Muttererde und dem Universum spielerisch verbinden. Nach einer kurzen Engel Meditation werden wir unsere Schutzengel malen. Wir werden \u00fcber die Schutzengel sprechen wie wir sie wahrnehmen.<br \/>\nDanach werden wir Mandalas malen und auch einen Stein bemalen.<br \/>\nSnack, Obst und Getr\u00e4nke stehen bereit die Kinder m\u00fcssen nur Klamotten die mit Farben beschmiert werden d\u00fcrfen und einen Zirkel. Der Kinder Workshop dauert von 14.00-18.00 Uhr. Energieausgleich f\u00fcr diesen Workshop betr\u00e4gt 40.- Euro. Leinwand, Farben Pinsel und alle Utensilien sind im Preis inbegriffen.<br \/>\nKursteilnehmer 8 Kinder<br \/>\nUm planen zu k\u00f6nnen werden nur feste Zusage angenommen. Ich bitte um Verst\u00e4ndnis \u2764\ufe0f<br \/>\nNamaste Hana Fabijenna<\/p>\n<p>&nbsp;<\/p>\n<p><a href=\"https:\/\/fabijennas-seeleninsel.de\/wordpress\/wp-content\/uploads\/2016\/10\/14581295_1156512501094382_6490555359855858559_n.jpg\"><img loading=\"lazy\" class=\"alignnone size-medium wp-image-3248\" src=\"https:\/\/fabijennas-seeleninsel.de\/wordpress\/wp-content\/uploads\/2016\/10\/14581295_1156512501094382_6490555359855858559_n-378x480.jpg\" alt=\"14581295_1156512501094382_6490555359855858559_n\" width=\"378\" height=\"480\" data-wp-pid=\"3248\" srcset=\"https:\/\/fabijennas-seeleninsel.de\/wordpress\/wp-content\/uploads\/2016\/10\/14581295_1156512501094382_6490555359855858559_n-378x480.jpg 378w, https:\/\/fabijennas-seeleninsel.de\/wordpress\/wp-content\/uploads\/2016\/10\/14581295_1156512501094382_6490555359855858559_n-630x800.jpg 630w, https:\/\/fabijennas-seeleninsel.de\/wordpress\/wp-content\/uploads\/2016\/10\/14581295_1156512501094382_6490555359855858559_n.jpg 640w\" sizes=\"(max-width: 378px) 100vw, 378px\" \/><\/a><\/p>\n","protected":false},"excerpt":{"rendered":"<p>Ihr lieben es ist weit, der n\u00e4chste Workshop mediales Kinder malen findet am 19.11.2016 um 14.00-18.00 Uhr bei mir im Atelier statt. Ich habe das gro\u00dfe Gl\u00fcck seit ein paar Jahren in meiner Praxis auch Kinder behandeln zu d\u00fcrfen, vor allem energetisch. Es sind wundervolle und besondere Kinder der heutigen Zeit. Jedes Kind ist f\u00fcr [&hellip;]<\/p>\n","protected":false},"author":3,"featured_media":3248,"comment_status":"closed","ping_status":"open","sticky":false,"template":"","format":"standard","meta":{"_et_pb_use_builder":"","_et_pb_old_content":"","_et_gb_content_width":""},"categories":[1],"tags":[],"_links":{"self":[{"href":"https:\/\/fabijennas-seeleninsel.de\/wordpress\/wp-json\/wp\/v2\/posts\/3247"}],"collection":[{"href":"https:\/\/fabijennas-seeleninsel.de\/wordpress\/wp-json\/wp\/v2\/posts"}],"about":[{"href":"https:\/\/fabijennas-seeleninsel.de\/wordpress\/wp-json\/wp\/v2\/types\/post"}],"author":[{"embeddable":true,"href":"https:\/\/fabijennas-seeleninsel.de\/wordpress\/wp-json\/wp\/v2\/users\/3"}],"replies":[{"embeddable":true,"href":"https:\/\/fabijennas-seeleninsel.de\/wordpress\/wp-json\/wp\/v2\/comments?post=3247"}],"version-history":[{"count":1,"href":"https:\/\/fabijennas-seeleninsel.de\/wordpress\/wp-json\/wp\/v2\/posts\/3247\/revisions"}],"predecessor-version":[{"id":3249,"href":"https:\/\/fabijennas-seeleninsel.de\/wordpress\/wp-json\/wp\/v2\/posts\/3247\/revisions\/3249"}],"wp:featuredmedia":[{"embeddable":true,"href":"https:\/\/fabijennas-seeleninsel.de\/wordpress\/wp-json\/wp\/v2\/media\/3248"}],"wp:attachment":[{"href":"https:\/\/fabijennas-seeleninsel.de\/wordpress\/wp-json\/wp\/v2\/media?parent=3247"}],"wp:term":[{"taxonomy":"category","embeddable":true,"href":"https:\/\/fabijennas-seeleninsel.de\/wordpress\/wp-json\/wp\/v2\/categories?post=3247"},{"taxonomy":"post_tag","embeddable":true,"href":"https:\/\/fabijennas-seeleninsel.de\/wordpress\/wp-json\/wp\/v2\/tags?post=3247"}],"curies":[{"name":"wp","href":"https:\/\/api.w.org\/{rel}","templated":true}]}}