{"id":3259,"date":"2016-10-27T09:52:26","date_gmt":"2016-10-27T07:52:26","guid":{"rendered":"https:\/\/fabijennas-seeleninsel.de\/wordpress\/?p=3259"},"modified":"2016-10-27T09:57:35","modified_gmt":"2016-10-27T07:57:35","slug":"tief-in-der-muttererde","status":"publish","type":"post","link":"https:\/\/fabijennas-seeleninsel.de\/wordpress\/tief-in-der-muttererde\/","title":{"rendered":"Tief in der Muttererde&#8230;"},"content":{"rendered":"<p>Tief in der Muttererde verwurzelt stehen stolz, pr\u00e4chtig und geschm\u00fcckt mit einem gr\u00fcnen Bl\u00e4tterkleid ,alle B\u00e4ume. Sie spenden uns Nahrung, Schutz, Schatten an hei\u00dfen Tagen, Kraft und Energie.<br \/>\nVerbunden mit der Muttererde und dem Himmelvater zeigen sie uns wie wir uns mit den beiden Welten verbinden k\u00f6nnen. Durch ihre Wurzeln ziehen sie die Nahrung und das uralte Wissen der Mama Pacha. Die Mama Pacha liebt und versorgt sie liebevoll wie eine menschliche Mutter Ihr Kind versorgt.<br \/>\nMit ihren Kronen die wie Antennen dienen, kommunizieren sie mit dem Universum. Sie sind im st\u00e4ndigen Austausch mit diesen zwei Welten.<br \/>\nDie Baumgeister sind sehr weise Lehrer die uns sehr viel altes, weises Wissen und Heilung \u00fcbermitteln und schenken wenn wir zuh\u00f6ren.<br \/>\nDurch die heutige Zeit ist leider dieses Wissen verloren gegangen. Dennoch wenn jeder bereit ist sein Herz zu \u00f6ffnen sich Zeit zu nehmen und zuzuh\u00f6ren, wird eine wahres Wunder erleben.<\/p>\n<p>Namaste Hana Fabijenna<\/p>\n<p>&nbsp;<\/p>\n<p><a href=\"https:\/\/fabijennas-seeleninsel.de\/wordpress\/wp-content\/uploads\/2016\/10\/IMG_2869.jpg\"><img loading=\"lazy\" class=\"alignnone size-medium wp-image-3261\" src=\"https:\/\/fabijennas-seeleninsel.de\/wordpress\/wp-content\/uploads\/2016\/10\/IMG_2869-640x427.jpg\" alt=\"img_2869\" width=\"640\" height=\"427\" data-wp-pid=\"3261\" srcset=\"https:\/\/fabijennas-seeleninsel.de\/wordpress\/wp-content\/uploads\/2016\/10\/IMG_2869-640x427.jpg 640w, https:\/\/fabijennas-seeleninsel.de\/wordpress\/wp-content\/uploads\/2016\/10\/IMG_2869-1024x683.jpg 1024w, https:\/\/fabijennas-seeleninsel.de\/wordpress\/wp-content\/uploads\/2016\/10\/IMG_2869-140x94.jpg 140w, https:\/\/fabijennas-seeleninsel.de\/wordpress\/wp-content\/uploads\/2016\/10\/IMG_2869-800x533.jpg 800w, https:\/\/fabijennas-seeleninsel.de\/wordpress\/wp-content\/uploads\/2016\/10\/IMG_2869.jpg 1920w\" sizes=\"(max-width: 640px) 100vw, 640px\" \/><\/a><\/p>\n<p>&nbsp;<\/p>\n<p>&nbsp;<\/p>\n","protected":false},"excerpt":{"rendered":"<p>Tief in der Muttererde verwurzelt stehen stolz, pr\u00e4chtig und geschm\u00fcckt mit einem gr\u00fcnen Bl\u00e4tterkleid ,alle B\u00e4ume. Sie spenden uns Nahrung, Schutz, Schatten an hei\u00dfen Tagen, Kraft und Energie. Verbunden mit der Muttererde und dem Himmelvater zeigen sie uns wie wir uns mit den beiden Welten verbinden k\u00f6nnen. Durch ihre Wurzeln ziehen sie die Nahrung und [&hellip;]<\/p>\n","protected":false},"author":3,"featured_media":3261,"comment_status":"closed","ping_status":"open","sticky":false,"template":"","format":"standard","meta":{"_et_pb_use_builder":"","_et_pb_old_content":"","_et_gb_content_width":""},"categories":[1],"tags":[],"_links":{"self":[{"href":"https:\/\/fabijennas-seeleninsel.de\/wordpress\/wp-json\/wp\/v2\/posts\/3259"}],"collection":[{"href":"https:\/\/fabijennas-seeleninsel.de\/wordpress\/wp-json\/wp\/v2\/posts"}],"about":[{"href":"https:\/\/fabijennas-seeleninsel.de\/wordpress\/wp-json\/wp\/v2\/types\/post"}],"author":[{"embeddable":true,"href":"https:\/\/fabijennas-seeleninsel.de\/wordpress\/wp-json\/wp\/v2\/users\/3"}],"replies":[{"embeddable":true,"href":"https:\/\/fabijennas-seeleninsel.de\/wordpress\/wp-json\/wp\/v2\/comments?post=3259"}],"version-history":[{"count":2,"href":"https:\/\/fabijennas-seeleninsel.de\/wordpress\/wp-json\/wp\/v2\/posts\/3259\/revisions"}],"predecessor-version":[{"id":3266,"href":"https:\/\/fabijennas-seeleninsel.de\/wordpress\/wp-json\/wp\/v2\/posts\/3259\/revisions\/3266"}],"wp:featuredmedia":[{"embeddable":true,"href":"https:\/\/fabijennas-seeleninsel.de\/wordpress\/wp-json\/wp\/v2\/media\/3261"}],"wp:attachment":[{"href":"https:\/\/fabijennas-seeleninsel.de\/wordpress\/wp-json\/wp\/v2\/media?parent=3259"}],"wp:term":[{"taxonomy":"category","embeddable":true,"href":"https:\/\/fabijennas-seeleninsel.de\/wordpress\/wp-json\/wp\/v2\/categories?post=3259"},{"taxonomy":"post_tag","embeddable":true,"href":"https:\/\/fabijennas-seeleninsel.de\/wordpress\/wp-json\/wp\/v2\/tags?post=3259"}],"curies":[{"name":"wp","href":"https:\/\/api.w.org\/{rel}","templated":true}]}}