{"id":3311,"date":"2016-11-08T09:19:09","date_gmt":"2016-11-08T07:19:09","guid":{"rendered":"https:\/\/fabijennas-seeleninsel.de\/wordpress\/?p=3311"},"modified":"2016-11-08T09:20:21","modified_gmt":"2016-11-08T07:20:21","slug":"die-goettin-erwacht","status":"publish","type":"post","link":"https:\/\/fabijennas-seeleninsel.de\/wordpress\/die-goettin-erwacht\/","title":{"rendered":"Die G\u00f6ttin erwacht"},"content":{"rendered":"<p>G\u00f6ttinenbild: Die G\u00f6ttin erwacht ?<br \/>\nIch rufe die G\u00f6ttin in mir!<br \/>\nDu wundervolles Wesen, du G\u00f6ttin in mir, ich habe deinen Weckruf geh\u00f6rt. Es ist die Zeit gekommen mutig aufzustehen. Mutig erhobenen Hauptes nehme ich meine innere Kraft an.<br \/>\nIch glaube an die Heiligkeit meiner inneren G\u00f6ttin.<br \/>\nIch glaube an die Heiligkeit meines Mutes.<br \/>\nIch glaube an die Heiligkeit meines K\u00f6rpers.<br \/>\nIch glaube an die Heiligkeit des wilden feurigen Tanzes.<br \/>\nMein Tanz ist die Stimme meiner Seele, meine Stimme ist der Klang der weisen Lichtkriegerin .<br \/>\nBildgr\u00f6sse 70x50cm<\/p>\n<p>Energieausgleich: 333 Euro<br \/>\nMit Liebe und F\u00fchrung meines Spirits gemalt und geschrieben \u2764<\/p>\n<p>nicole.rosenauer@gmx.de<\/p>\n<p>&nbsp;<\/p>\n<p><a href=\"https:\/\/fabijennas-seeleninsel.de\/wordpress\/wp-content\/uploads\/2016\/11\/14993501_1179115748834057_1681684386467723573_n.jpg\"><img loading=\"lazy\" class=\"alignnone size-medium wp-image-3312\" src=\"https:\/\/fabijennas-seeleninsel.de\/wordpress\/wp-content\/uploads\/2016\/11\/14993501_1179115748834057_1681684386467723573_n-345x480.jpg\" alt=\"14993501_1179115748834057_1681684386467723573_n\" width=\"345\" height=\"480\" data-wp-pid=\"3312\" srcset=\"https:\/\/fabijennas-seeleninsel.de\/wordpress\/wp-content\/uploads\/2016\/11\/14993501_1179115748834057_1681684386467723573_n-345x480.jpg 345w, https:\/\/fabijennas-seeleninsel.de\/wordpress\/wp-content\/uploads\/2016\/11\/14993501_1179115748834057_1681684386467723573_n-575x800.jpg 575w, https:\/\/fabijennas-seeleninsel.de\/wordpress\/wp-content\/uploads\/2016\/11\/14993501_1179115748834057_1681684386467723573_n.jpg 690w\" sizes=\"(max-width: 345px) 100vw, 345px\" \/><\/a><\/p>\n","protected":false},"excerpt":{"rendered":"<p>G\u00f6ttinenbild: Die G\u00f6ttin erwacht ? Ich rufe die G\u00f6ttin in mir! Du wundervolles Wesen, du G\u00f6ttin in mir, ich habe deinen Weckruf geh\u00f6rt. Es ist die Zeit gekommen mutig aufzustehen. Mutig erhobenen Hauptes nehme ich meine innere Kraft an. Ich glaube an die Heiligkeit meiner inneren G\u00f6ttin. Ich glaube an die Heiligkeit meines Mutes. Ich [&hellip;]<\/p>\n","protected":false},"author":3,"featured_media":3312,"comment_status":"closed","ping_status":"open","sticky":false,"template":"","format":"standard","meta":{"_et_pb_use_builder":"","_et_pb_old_content":"","_et_gb_content_width":""},"categories":[1],"tags":[],"_links":{"self":[{"href":"https:\/\/fabijennas-seeleninsel.de\/wordpress\/wp-json\/wp\/v2\/posts\/3311"}],"collection":[{"href":"https:\/\/fabijennas-seeleninsel.de\/wordpress\/wp-json\/wp\/v2\/posts"}],"about":[{"href":"https:\/\/fabijennas-seeleninsel.de\/wordpress\/wp-json\/wp\/v2\/types\/post"}],"author":[{"embeddable":true,"href":"https:\/\/fabijennas-seeleninsel.de\/wordpress\/wp-json\/wp\/v2\/users\/3"}],"replies":[{"embeddable":true,"href":"https:\/\/fabijennas-seeleninsel.de\/wordpress\/wp-json\/wp\/v2\/comments?post=3311"}],"version-history":[{"count":3,"href":"https:\/\/fabijennas-seeleninsel.de\/wordpress\/wp-json\/wp\/v2\/posts\/3311\/revisions"}],"predecessor-version":[{"id":3315,"href":"https:\/\/fabijennas-seeleninsel.de\/wordpress\/wp-json\/wp\/v2\/posts\/3311\/revisions\/3315"}],"wp:featuredmedia":[{"embeddable":true,"href":"https:\/\/fabijennas-seeleninsel.de\/wordpress\/wp-json\/wp\/v2\/media\/3312"}],"wp:attachment":[{"href":"https:\/\/fabijennas-seeleninsel.de\/wordpress\/wp-json\/wp\/v2\/media?parent=3311"}],"wp:term":[{"taxonomy":"category","embeddable":true,"href":"https:\/\/fabijennas-seeleninsel.de\/wordpress\/wp-json\/wp\/v2\/categories?post=3311"},{"taxonomy":"post_tag","embeddable":true,"href":"https:\/\/fabijennas-seeleninsel.de\/wordpress\/wp-json\/wp\/v2\/tags?post=3311"}],"curies":[{"name":"wp","href":"https:\/\/api.w.org\/{rel}","templated":true}]}}